{"id":6452,"date":"2023-10-25T10:36:05","date_gmt":"2023-10-25T08:36:05","guid":{"rendered":"http:\/\/prs2.profimediagroup.com\/?p=6452"},"modified":"2023-11-14T12:44:21","modified_gmt":"2023-11-14T11:44:21","slug":"6452","status":"publish","type":"post","link":"https:\/\/predstavnistvorsbg.rs\/sr-Latn\/najava-dogadjaja-sr-latn\/6452\/","title":{"rendered":"Na \u0161tandu Republike Srpske tradicionalno knji\u017eevno ve\u010de pjesnika iz Srbije, Srpske, Crne Gore i rasijanja"},"content":{"rendered":"<p><strong>U \u010detvrtak, 26. oktobra<\/strong>, u okviru nastupa Republike Srpske na 66. Me\u0111unarodnom beogradskom sajmu knjiga, predstavi\u0107e se \u0161est izdava\u010da iz Republike Srpske, i to pet na \u0161tandu Predstavni\u0161tva Republike Srpske dok \u0107e u sali \u201eVasko Popa\u201c\u00a0 biti odr\u017eana jedna promocija, a\u00a0 na kraju petog sajamskog dana na \u0161tandu Predstavni\u0161tva Republike Srpske bi\u0107e odr\u017eano tradicionalno, jedanaesto po redu, knji\u017eevno ve\u010de pjesnika iz Srbije, Srpske, Crne Gore i rasijanja.<\/p>\n<p><img loading=\"lazy\" class=\"alignnone wp-image-6428 size-full\" title=\"Republika Srpska na 66.Me\u0111unarodnom beogradskom sajmu knjiga\" src=\"http:\/\/prs2.profimediagroup.com\/wp-content\/uploads\/2023\/11\/sajam_knjiga_slajd-1.jpg?_t=1699435504\" alt=\"Republika Srpska na 66.Me\u0111unarodnom beogradskom sajmu knjiga\" width=\"900\" height=\"506\" srcset=\"https:\/\/predstavnistvorsbg.rs\/wp-content\/uploads\/2023\/11\/sajam_knjiga_slajd-1.jpg 900w, https:\/\/predstavnistvorsbg.rs\/wp-content\/uploads\/2023\/11\/sajam_knjiga_slajd-1-300x169.jpg 300w\" sizes=\"(max-width: 900px) 100vw, 900px\" \/><\/p>\n<p><strong>U sali \u201eVasko Popa\u201c bi\u0107e odr\u017eana jedna promocija. U 13 sati u \u201e Udru\u017eenje \u201eMedici.com\u201c<\/strong>\u00a0Banja Luka predstavlja monografiju\u00a0<em>Vojni sanitet u srpskom narodu<\/em>, tre\u0107e pro\u0161ireno, dopunjeno i izmijenjeno izdanje, govore: akademik prof. dr Du\u0161ko Vuli\u0107, prof. dr Elizabeta Ristanovi\u0107 i prim. dr Momir Pu\u0161ac.<\/p>\n<p><strong>Promocije na \u0161tandu Predstavni\u0161tva Republike Srpske u Srbiji po\u010de\u0107e u 12 sati\u00a0 po sljede\u0107em rasporedu:<\/strong><\/p>\n<p><strong>U 12 sati Udru\u017eenja strip autora i obo\u017eavalaca stripa Republike Srpske \u201eDeveta dimenzija\u201c<\/strong>\u00a0predstavlja svoje izdanje:\u00a0<em>Stripovijetke &#8211; Branko \u0106opi\u0107<\/em>\u00a0(15 stripova po motivima Branka \u0106opi\u0107a), govori Zoran Peji\u0107.<\/p>\n<p><strong>U 14 sati Narodna biblioteka \u201eBranko \u010cu\u010dak\u201c Han Pijesak<\/strong>\u00a0predstavlja svoje izdanje:\u00a0<em>Budi sre\u0107an gdje god da si<\/em>\u00a0autora Ene Vukovi\u0107, govore: Ozrenka \u0110uri\u0107 Radulovi\u0107, Biljana Mitrovi\u0107, To\u0161o Borkovi\u0107 i autor.<\/p>\n<p><strong>U 15 sati Univerzitet u Isto\u010dnom Sarajevu<\/strong>\u00a0predstavlja svoje izdanje:\u00a0<em>Odlikovani i unaprije\u0111eni Jugoslovenske vojske u otad\u017ebini 1941-1945<\/em>, autora Veroljuba Maleti\u0107a i Dejana \u0110eri\u0107a, govore: prof. dr Draga Mastilovi\u0107, pukovnik Dragan \u041arsmanovi\u0107 i autori.<\/p>\n<p><strong>U 16 sati Udru\u017eenje knji\u017eevnika Republike Srpske<\/strong>\u00a0predstavlja izdanja svojih \u010dlanova:\u00a0<em>Ne\u0161to nas ve\u017ee<\/em>, autora Jadranke \u0106ulum, govore: Gordana Je\u017e Lazi\u0107 i Radislav Jovi\u0107;\u00a0<em>Nada, putkoaz, knjiga izabranih pjesama 20 vijeka<\/em>\u00a0autora Predraga Bjelo\u0161evi\u0107a, govore: Ranko Risojevi\u0107 i Milan Orli\u0107;\u00a0<em>Ma\u0161a i medvedi<\/em>\u00a0autora Vesne \u041aapor, govori Sa\u0161a \u041ane\u017eevi\u0107.<\/p>\n<p><strong>U 17 sati Narodna biblioteka Doboj<\/strong>\u00a0predstavlja svoja izdanja:\u00a0<em>SCPD Bogoljublje u prvih deset godina rada &#8211;\u00a0<\/em>monografija horskog rada u Doboju, autora Ljubi\u0161e Stanojevi\u0107a, govori: dr Slavica Gostmirovi\u0107; monografiju\u00a0<em>JU Medicinska \u0161kola Doboj<\/em>, povodom 60 godina postojanja, autora Mire Stani\u0161ev, govori autor; monografiju\u00a0<em>Silvana<\/em>, o Dobojki Silvani Armenuli\u0107, autora dr Davora Vidakovi\u0107a, govore: autor i Ivan \u0160ijakovi\u0107.<\/p>\n<p><strong>U 18 sati\u00a0<\/strong>bi\u0107e odr\u017eano tradicionalno, jedanaesto po redu,\u00a0<strong>\u041anji\u017eevno ve\u010de pjesnika iz Srpske, Srbije, Crne Gore i rasijanja.<\/strong><\/p>\n<p>Trinaesti reprezentativni nastup Republike Srpske na Me\u0111unarodnom beogradskom sajmu knjiga organizuje Predstavni\u0161tvo Republike Srpske u Srbiji, uz podr\u0161ku Ministarstva prosvjete i kulture Republike Srpske, \u0161tand je na istom mjestu: hala 2, nivo A.<\/p>\n<p>Program promocija izdanja iz Republike Srpske na 66. Me\u0111unarodnom beogradskom sajmu knjiga sa vi\u0161e detalja mo\u017eete pogledati\u00a0<a href=\"http:\/\/prs2.profimediagroup.com\/wp-content\/uploads\/2023\/11\/\u041f\u0440\u043e\u0433\u0440\u0430\u043c-\u043d\u0430\u0441\u0442\u0443\u043f\u0430-\u0420\u0435\u043f\u0443\u0431\u043b\u0438\u043a\u0435-\u0421\u0440\u043f\u0441\u043a\u0435-\u043d\u0430-\u0441\u0430\u0458\u043c\u0443-\u043a\u045a\u0438\u0433\u0430.pdf\" target=\"_blank\" rel=\"noopener\">OVDJE<\/a>.<\/p>\n","protected":false},"excerpt":{"rendered":"<p>U \u010detvrtak, 26. oktobra, u okviru nastupa Republike Srpske na 66. Me\u0111unarodnom beogradskom sajmu knjiga, predstavi\u0107e se \u0161est izdava\u010da iz Republike Srpske, i to pet na \u0161tandu Predstavni\u0161tva Republike Srpske dok \u0107e u sali \u201eVasko Popa\u201c\u00a0 biti odr\u017eana jedna promocija, a\u00a0 na kraju petog sajamskog dana na \u0161tandu Predstavni\u0161tva Republike Srpske bi\u0107e odr\u017eano tradicionalno, jedanaesto&#8230;<\/p>\n","protected":false},"author":6,"featured_media":0,"comment_status":"closed","ping_status":"closed","sticky":false,"template":"","format":"standard","meta":[],"categories":[57],"tags":[77],"_links":{"self":[{"href":"https:\/\/predstavnistvorsbg.rs\/sr-Latn\/wp-json\/wp\/v2\/posts\/6452"}],"collection":[{"href":"https:\/\/predstavnistvorsbg.rs\/sr-Latn\/wp-json\/wp\/v2\/posts"}],"about":[{"href":"https:\/\/predstavnistvorsbg.rs\/sr-Latn\/wp-json\/wp\/v2\/types\/post"}],"author":[{"embeddable":true,"href":"https:\/\/predstavnistvorsbg.rs\/sr-Latn\/wp-json\/wp\/v2\/users\/6"}],"replies":[{"embeddable":true,"href":"https:\/\/predstavnistvorsbg.rs\/sr-Latn\/wp-json\/wp\/v2\/comments?post=6452"}],"version-history":[{"count":0,"href":"https:\/\/predstavnistvorsbg.rs\/sr-Latn\/wp-json\/wp\/v2\/posts\/6452\/revisions"}],"wp:attachment":[{"href":"https:\/\/predstavnistvorsbg.rs\/sr-Latn\/wp-json\/wp\/v2\/media?parent=6452"}],"wp:term":[{"taxonomy":"category","embeddable":true,"href":"https:\/\/predstavnistvorsbg.rs\/sr-Latn\/wp-json\/wp\/v2\/categories?post=6452"},{"taxonomy":"post_tag","embeddable":true,"href":"https:\/\/predstavnistvorsbg.rs\/sr-Latn\/wp-json\/wp\/v2\/tags?post=6452"}],"curies":[{"name":"wp","href":"https:\/\/api.w.org\/{rel}","templated":true}]}}