{"id":6822,"date":"2023-10-13T12:38:06","date_gmt":"2023-10-13T10:38:06","guid":{"rendered":"http:\/\/prs2.profimediagroup.com\/?p=6822"},"modified":"2023-11-13T14:52:16","modified_gmt":"2023-11-13T13:52:16","slug":"svecano-otvaranje-hercegovacke-kuce-u-beogradu","status":"publish","type":"post","link":"https:\/\/predstavnistvorsbg.rs\/sr-Latn\/najava-dogadjaja-sr-latn\/svecano-otvaranje-hercegovacke-kuce-u-beogradu\/","title":{"rendered":"Sve\u010dano otvaranje \u201eHercegova\u010dke ku\u0107e\u201c u Beogradu"},"content":{"rendered":"<p>U ponedjeljak, 16.10.2023. godine u 12 \u010dasova, u Beogradu u ulici Makenzijeva 44, bi\u0107e sve\u010dano otvarena \u201eHercegova\u010dka ku\u0107a\u201c, butik doma\u0107ih hercegova\u010dkih proizvoda proizvedenih na tradicionalan na\u010din. Na policama \u201eHercegova\u010dke ku\u0107e\u201c u Beogradu mo\u0107i \u0107e se prona\u0107i proizvodi iz raznovrsne gastronomske ponude Hercegovine: razne vrste vina, sireva, meda, \u010dajeva, pr\u0161uta, slatkog i kiselog programa i jo\u0161 mnogo toga.<\/p>\n<p><img loading=\"lazy\" class=\"aligncenter size-full wp-image-6819\" src=\"http:\/\/prs2.profimediagroup.com\/wp-content\/uploads\/2023\/11\/hercegovacka_kuca_pozivnica.jpg\" alt=\"Sve\u010dano otvaranje \u201eHercegova\u010dke ku\u0107e\u201c u Beogradu\" width=\"1023\" height=\"970\" srcset=\"https:\/\/predstavnistvorsbg.rs\/wp-content\/uploads\/2023\/11\/hercegovacka_kuca_pozivnica.jpg 1023w, https:\/\/predstavnistvorsbg.rs\/wp-content\/uploads\/2023\/11\/hercegovacka_kuca_pozivnica-300x284.jpg 300w\" sizes=\"(max-width: 1023px) 100vw, 1023px\" \/><\/p>\n<p>Projekat \u201eHercegova\u010dka ku\u0107a\u201c uspje\u0161no podsti\u010de razvoj poljoprivredne proizvodnje, izme\u0111u ostalog i kroz osiguran plasman proizvoda lokalnih proizvo\u0111a\u010da. Ovo je prvi prodajni objekat ovog tipa u Srbiji i uop\u0161te van granica Republike Srpske, koji je realizovan od strane Grada Trebinja i Agrarnog fonda Grada Trebinja, a uz podr\u0161ku Grada Beograda i rukovodstva Srbije.<\/p>\n<p>Sve\u010danom otvaranju prisustvova\u0107e gradona\u010delnik Trebinja Mirko \u0106uri\u0107 i drugi zvani\u010dnici iz Trebinja i Republike Srpske, predstavnici nadle\u017enih organa Srbije i Grada Beograda i druge zvanice, a sve\u010danom otvaranju prisustvova\u0107e i \u0161ef Predstavni\u0161tva Republike Srpske u Srbiji Mla\u0111en Cicovi\u0107.<\/p>\n","protected":false},"excerpt":{"rendered":"<p>U ponedjeljak, 16.10.2023. godine u 12 \u010dasova, u Beogradu u ulici Makenzijeva 44, bi\u0107e sve\u010dano otvarena \u201eHercegova\u010dka ku\u0107a\u201c, butik doma\u0107ih hercegova\u010dkih proizvoda proizvedenih na tradicionalan na\u010din. Na policama \u201eHercegova\u010dke ku\u0107e\u201c u Beogradu mo\u0107i \u0107e se prona\u0107i proizvodi iz raznovrsne gastronomske ponude Hercegovine: razne vrste vina, sireva, meda, \u010dajeva, pr\u0161uta, slatkog i kiselog programa i jo\u0161&#8230;<\/p>\n","protected":false},"author":7,"featured_media":0,"comment_status":"closed","ping_status":"closed","sticky":false,"template":"","format":"standard","meta":[],"categories":[57],"tags":[77],"_links":{"self":[{"href":"https:\/\/predstavnistvorsbg.rs\/sr-Latn\/wp-json\/wp\/v2\/posts\/6822"}],"collection":[{"href":"https:\/\/predstavnistvorsbg.rs\/sr-Latn\/wp-json\/wp\/v2\/posts"}],"about":[{"href":"https:\/\/predstavnistvorsbg.rs\/sr-Latn\/wp-json\/wp\/v2\/types\/post"}],"author":[{"embeddable":true,"href":"https:\/\/predstavnistvorsbg.rs\/sr-Latn\/wp-json\/wp\/v2\/users\/7"}],"replies":[{"embeddable":true,"href":"https:\/\/predstavnistvorsbg.rs\/sr-Latn\/wp-json\/wp\/v2\/comments?post=6822"}],"version-history":[{"count":0,"href":"https:\/\/predstavnistvorsbg.rs\/sr-Latn\/wp-json\/wp\/v2\/posts\/6822\/revisions"}],"wp:attachment":[{"href":"https:\/\/predstavnistvorsbg.rs\/sr-Latn\/wp-json\/wp\/v2\/media?parent=6822"}],"wp:term":[{"taxonomy":"category","embeddable":true,"href":"https:\/\/predstavnistvorsbg.rs\/sr-Latn\/wp-json\/wp\/v2\/categories?post=6822"},{"taxonomy":"post_tag","embeddable":true,"href":"https:\/\/predstavnistvorsbg.rs\/sr-Latn\/wp-json\/wp\/v2\/tags?post=6822"}],"curies":[{"name":"wp","href":"https:\/\/api.w.org\/{rel}","templated":true}]}}