{"id":6918,"date":"2023-10-24T13:19:38","date_gmt":"2023-10-24T11:19:38","guid":{"rendered":"http:\/\/prs2.profimediagroup.com\/?p=6918"},"modified":"2023-11-09T13:25:32","modified_gmt":"2023-11-09T12:25:32","slug":"u-beogradu-promovisana-monografija-tihomir-tiho-ilijasevic","status":"publish","type":"post","link":"https:\/\/predstavnistvorsbg.rs\/sr-Latn\/prethodni-dogadjaji-sr-latn\/u-beogradu-promovisana-monografija-tihomir-tiho-ilijasevic\/","title":{"rendered":"U Beogradu promovisana monografija \u201eTihomir Tiho Ilija\u0161evi\u0107\u201c"},"content":{"rendered":"<div class=\"innerdiv2 clearfix\">\n<div>\n<p>U Beogradu je danas promovisana monografija o akademskom slikaru i istaknutom umjetniku Tihomiru Tihi Ilija\u0161evi\u0107u koji je ostavio dubok trag u kulturnoj mapi, ne samo Prijedora u kom je \u017eivio i stvarao, ve\u0107 Republike Srpske i \u0161ire.<\/p>\n<\/div>\n<p>Promociju u prostorijama Udru\u017eenja novinara Srbije \/UNS\/, koja je okupila brojne Ilija\u0161evi\u0107eve prijatelje i po\u0161tovaoce, organizovao je grad Prijedor uz podr\u0161ku Predstavni\u0161tva Republike Srpske u Srbiji.<\/p>\n<\/div>\n<div><\/div>\n<p><img loading=\"lazy\" class=\"alignnone wp-image-6878 size-full\" title=\"Boris Eremi\u0107, slikar i direktor prijedorske Galerije \u201eSreten Stojanovi\u0107\u201c\" src=\"http:\/\/prs2.profimediagroup.com\/wp-content\/uploads\/2023\/11\/promocija_ilijasevic2.png?_t=1699531384\" alt=\"Boris Eremi\u0107, slikar i direktor prijedorske Galerije \u201eSreten Stojanovi\u0107\u201c\" width=\"1024\" height=\"766\" srcset=\"https:\/\/predstavnistvorsbg.rs\/wp-content\/uploads\/2023\/11\/promocija_ilijasevic2.png 1024w, https:\/\/predstavnistvorsbg.rs\/wp-content\/uploads\/2023\/11\/promocija_ilijasevic2-300x224.png 300w\" sizes=\"(max-width: 1024px) 100vw, 1024px\" \/><\/p>\n<div>\n<div>Direktor prijedorske Galerije \u201eSreten Stojanovi\u0107\u201c, slikar Boris Eremi\u0107 izjavio je da je Ilija\u0161evi\u0107, koji je godinama vodio tu Galeriju zadu\u017eio svoj grad i da je kao biv\u0161i beogradski student na najbolji na\u010din kroz umjetnost godinama spajao Beograd i Prijedor, Srbiju i Republiku Srpsku.<\/div>\n<\/div>\n<div><\/div>\n<div><\/div>\n<p><img loading=\"lazy\" class=\"alignnone wp-image-6882 size-full\" title=\"Aleksandar Milje\u0161i\u0107, na\u010delnik Odjeljenja za kulturu, me\u0111unarodnu saradnju, sport i nevladine organizacije grada Prijedora \" src=\"http:\/\/prs2.profimediagroup.com\/wp-content\/uploads\/2023\/11\/promocija_ilijasevic3.png?_t=1699531426\" alt=\"Aleksandar Milje\u0161i\u0107, na\u010delnik Odjeljenja za kulturu, me\u0111unarodnu saradnju, sport i nevladine organizacije grada Prijedora \" width=\"1024\" height=\"766\" srcset=\"https:\/\/predstavnistvorsbg.rs\/wp-content\/uploads\/2023\/11\/promocija_ilijasevic3.png 1024w, https:\/\/predstavnistvorsbg.rs\/wp-content\/uploads\/2023\/11\/promocija_ilijasevic3-300x224.png 300w\" sizes=\"(max-width: 1024px) 100vw, 1024px\" \/><\/p>\n<p>Na\u010delnik Odjeljenja za kulturu, me\u0111unarodnu saradnju, sport i nevladine organizacije grada Prijedora Aleksandar Milje\u0161i\u0107 izjavio je da je Prijedor grad umjetnika, festivala, pozori\u0161ta, a da je trag koji je ostavio Ilija\u0161evi\u0107 neizbrisiv.<\/p>\n<p>\u201eMonografija o na\u0161em sugra\u0111aninu se `kuhala` dugo i ugledala je svjetlost dana na ovogodi\u0161njim 51. Knji\u017eevnim susretima na Kozari. Ovdje se skupio jako veliki broj ljudi i to je svakako veliki pokazatelj koliko je na\u0161 Tiho ostavio veliki trag&#8220;, rekao je Milje\u0161i\u0107.<\/p>\n<p><img loading=\"lazy\" class=\"alignnone wp-image-6885 size-full\" title=\"Mladenko Sad\u017eak, profesor i urednik Biblioteke Knji\u017eevnih susreta na Kozari u okviru edicije \u201eSvjedo\u010denja\u201c\" src=\"http:\/\/prs2.profimediagroup.com\/wp-content\/uploads\/2023\/11\/promocija_ilijasevic4.png?_t=1699531465\" alt=\"Mladenko Sad\u017eak, profesor i urednik Biblioteke Knji\u017eevnih susreta na Kozari u okviru edicije \u201eSvjedo\u010denja\u201c\" width=\"1024\" height=\"767\" srcset=\"https:\/\/predstavnistvorsbg.rs\/wp-content\/uploads\/2023\/11\/promocija_ilijasevic4.png 1024w, https:\/\/predstavnistvorsbg.rs\/wp-content\/uploads\/2023\/11\/promocija_ilijasevic4-300x225.png 300w\" sizes=\"(max-width: 1024px) 100vw, 1024px\" \/><\/p>\n<p>Urednik Biblioteke Knji\u017eevnih susreta na Kozari u okviru edicije \u201eSvjedo\u010denja\u201c profesor Mladenko Sad\u017eak rekao je da je monografija o Ilija\u0161evi\u0107u 14. u okviru ove edicije, a da su ranije objavljene knjige o Branku \u0106opi\u0107u, Matiji Be\u0107kovi\u0107u, Milovanu Danojli\u0107u.<\/p>\n<p>Sad\u017eak je naglasio da je Ilija\u0161evi\u0107 bio jedan od stubova kulture Prijedora, koji je jako mnogo doprinio kulturi grada.<\/p>\n<p><img loading=\"lazy\" class=\"alignnone wp-image-6891 size-full\" title=\"Slavica Milovi\u0107, supruga Ilija\u0161evi\u0107a i prire\u0111iva\u010d monografije\" src=\"http:\/\/prs2.profimediagroup.com\/wp-content\/uploads\/2023\/11\/promocija_ilijasevic5.png?_t=1699531505\" alt=\"Slavica Milovi\u0107, supruga Ilija\u0161evi\u0107a i prire\u0111iva\u010d monografije\" width=\"1024\" height=\"767\" srcset=\"https:\/\/predstavnistvorsbg.rs\/wp-content\/uploads\/2023\/11\/promocija_ilijasevic5.png 1024w, https:\/\/predstavnistvorsbg.rs\/wp-content\/uploads\/2023\/11\/promocija_ilijasevic5-300x225.png 300w\" sizes=\"(max-width: 1024px) 100vw, 1024px\" \/><\/p>\n<p>Prire\u0111iva\u010d monografije i supruga Ilija\u0161evi\u0107a Slavica Milovi\u0107 predo\u010dila je prisutnim biografiju umjetnika i sve ono \u0161to je \u010dinio da grad na Sani ne ostane na zape\u0107ku kulturnih zbivanja, ve\u0107 da prati sve tokove i dovede u taj grad najbolje umjetnike.<\/p>\n<p>Milovi\u0107eva je podsjetila i da je njen suprug 1999. godine osnovao prvu \u0161kolu crtanja i slikanja u Republici Srpskoj iz koje je iza\u0161lo 15 akademskih slikara i pet arhitekata.<\/p>\n<p><img loading=\"lazy\" class=\"alignnone wp-image-6894 size-full\" title=\"Desimir Deni\u0107, redovni profesor Fakulteta primjenjenih umjetnosti u Beogradu\" src=\"http:\/\/prs2.profimediagroup.com\/wp-content\/uploads\/2023\/11\/promocija_ilijasevic6.png?_t=1699531541\" alt=\"Desimir Deni\u0107, redovni profesor Fakulteta primjenjenih umjetnosti u Beogradu\" width=\"1024\" height=\"769\" srcset=\"https:\/\/predstavnistvorsbg.rs\/wp-content\/uploads\/2023\/11\/promocija_ilijasevic6.png 1024w, https:\/\/predstavnistvorsbg.rs\/wp-content\/uploads\/2023\/11\/promocija_ilijasevic6-300x225.png 300w\" sizes=\"(max-width: 1024px) 100vw, 1024px\" \/><\/p>\n<p>Redovni profesor Fakulteta primjenjenih umjetnosti u Beogradu Desimir Deni\u0107 izjavio je da je Ilija\u0161evi\u0107 imao nepresu\u0161ni dar da se poklanja ljudima i da ga pamti kao sanjara, boema i kao gospodina.<\/p>\n<p>\u201eOn je studirao krajem osamdesetih godina pro\u0161log vijeka kada je Likovna akademija u Beogradu bila na vrhuncu svoje pedago\u0161ke snage. Sve je i\u0161lo u prilog da on dobija najbolja znanja i saznanja. Kao najbolje obrazovan posvetio je svoj \u017eivot umetnosti i kao tako formiran se vratio u svoj Prijedor, gde poku\u0161ava i uspeva za slede\u0107ih 25 godina da od tog grada napravi nama najzapadniji kulturni centar kome se ja divim&#8220;, rekao je Deni\u0107.<\/p>\n<p>On je istakao da Ilija\u0161evi\u0107 u svemu tome nije bio sam, ali da je njegovim anga\u017eovanjem i kontaktima sve to rezultiralo uspjehom.<\/p>\n<p><img loading=\"lazy\" class=\"alignnone wp-image-6897 size-full\" title=\"Zoran Aleksi\u0107, slikar\" src=\"http:\/\/prs2.profimediagroup.com\/wp-content\/uploads\/2023\/11\/promocija_ilijasevic7.png?_t=1699531579\" alt=\"Zoran Aleksi\u0107, slikar\" width=\"1024\" height=\"769\" srcset=\"https:\/\/predstavnistvorsbg.rs\/wp-content\/uploads\/2023\/11\/promocija_ilijasevic7.png 1024w, https:\/\/predstavnistvorsbg.rs\/wp-content\/uploads\/2023\/11\/promocija_ilijasevic7-300x225.png 300w\" sizes=\"(max-width: 1024px) 100vw, 1024px\" \/><\/p>\n<p>Slikar Zoran Aleksi\u0107 rekao je da je Ilija\u0161evi\u0107 bio cijenjen me\u0111u svojim kolegama jer je uvijek otvoreno govorio ono \u0161to misli i \u0161ta god radio ostao je svoj.<\/p>\n<p>On je naveo da je prije odlaska u Prijedor Ilija\u0161evi\u0107 sa velikim \u0161armom vodio klub \u201eAkademija\u201c u Beogradu, kao i da je sve prijatelje iznenadio kada je odlu\u010dio da se vrati.<\/p>\n<p>\u201eSve nas je iznenadilo kada je Tiho rekao da se vra\u0107a u Prijedor jer je tamo potreban. Jeste bio potreban. Mi smo bili zbunjeni, bili smo mladi. Nismo mogli da se suo\u010dimo sa svim tim \u0161to se de\u0161avalo, ali on je i te kako znao da je potreban i da je njegovo mesto tamo&#8220;, rekao je Aleksi\u0107.<\/p>\n<p><img loading=\"lazy\" class=\"alignnone wp-image-6900 size-full\" title=\"Mla\u0111en Cicovi\u0107, \u0161ef Predstavni\u0161tva R. Srpske u Srbiji sa delegacijom iz Prijedora - Aleksandrom Milje\u0161i\u0107em, Mladenkom Sad\u017eakakom i Borisom Eremi\u0107em\" src=\"http:\/\/prs2.profimediagroup.com\/wp-content\/uploads\/2023\/11\/promocija_ilijasevic8.png?_t=1699531638\" alt=\"Mla\u0111en Cicovi\u0107, \u0161ef Predstavni\u0161tva R. Srpske u Srbiji sa delegacijom iz Prijedora - Aleksandrom Milje\u0161i\u0107em, Mladenkom Sad\u017eakakom i Borisom Eremi\u0107em\" width=\"1024\" height=\"1365\" srcset=\"https:\/\/predstavnistvorsbg.rs\/wp-content\/uploads\/2023\/11\/promocija_ilijasevic8.png 1024w, https:\/\/predstavnistvorsbg.rs\/wp-content\/uploads\/2023\/11\/promocija_ilijasevic8-225x300.png 225w, https:\/\/predstavnistvorsbg.rs\/wp-content\/uploads\/2023\/11\/promocija_ilijasevic8-768x1024.png 768w\" sizes=\"(max-width: 1024px) 100vw, 1024px\" \/><\/p>\n<p>Prije po\u010detka promocije monografije Tihomir Tiho Ilija\u0161evi\u0107 u UNS pres centru, u Predstavni\u0161tvu Republike Srpske u Srbiji, delegaciju iz Prijedora, koju je predvodio Aleksandar \u00a0Milje\u0161i\u0107, na\u010delnik\u00a0Odjeljenja za kulturu, me\u0111unarodnu saradnju, sport i nevladine organizacije,\u00a0primio je Mla\u0111en Cicovi\u0107, \u0161ef Predstavni\u0161tva. Na sastanku se razgovaralo o saradnji grada Prijedora i Predstavni\u0161tva i dogovoreni su pravci i modaliteti me\u0111usobne budu\u0107e saradnje.<\/p>\n<p>Kompletan video snimak sa promocije monografije Tihomir TihoIlija\u0161evi\u0107 mo\u017eete pogledati\u00a0<a title=\"tribina \u201eSlijedi li kona\u010dni obra\u010dun Zapada sa Srpskom?\u201c\" href=\"https:\/\/www.youtube.com\/watch?v=BNyl2N6EX2U\" target=\"_blank\" rel=\"noopener\">OVDJE<\/a><\/p>\n","protected":false},"excerpt":{"rendered":"<p>U Beogradu je danas promovisana monografija o akademskom slikaru i istaknutom umjetniku Tihomiru Tihi Ilija\u0161evi\u0107u koji je ostavio dubok trag u kulturnoj mapi, ne samo Prijedora u kom je \u017eivio i stvarao, ve\u0107 Republike Srpske i \u0161ire. Promociju u prostorijama Udru\u017eenja novinara Srbije \/UNS\/, koja je okupila brojne Ilija\u0161evi\u0107eve prijatelje i po\u0161tovaoce, organizovao je grad&#8230;<\/p>\n","protected":false},"author":5,"featured_media":6923,"comment_status":"closed","ping_status":"closed","sticky":false,"template":"","format":"standard","meta":[],"categories":[56],"tags":[77],"_links":{"self":[{"href":"https:\/\/predstavnistvorsbg.rs\/sr-Latn\/wp-json\/wp\/v2\/posts\/6918"}],"collection":[{"href":"https:\/\/predstavnistvorsbg.rs\/sr-Latn\/wp-json\/wp\/v2\/posts"}],"about":[{"href":"https:\/\/predstavnistvorsbg.rs\/sr-Latn\/wp-json\/wp\/v2\/types\/post"}],"author":[{"embeddable":true,"href":"https:\/\/predstavnistvorsbg.rs\/sr-Latn\/wp-json\/wp\/v2\/users\/5"}],"replies":[{"embeddable":true,"href":"https:\/\/predstavnistvorsbg.rs\/sr-Latn\/wp-json\/wp\/v2\/comments?post=6918"}],"version-history":[{"count":0,"href":"https:\/\/predstavnistvorsbg.rs\/sr-Latn\/wp-json\/wp\/v2\/posts\/6918\/revisions"}],"wp:featuredmedia":[{"embeddable":true,"href":"https:\/\/predstavnistvorsbg.rs\/sr-Latn\/wp-json\/wp\/v2\/media\/6923"}],"wp:attachment":[{"href":"https:\/\/predstavnistvorsbg.rs\/sr-Latn\/wp-json\/wp\/v2\/media?parent=6918"}],"wp:term":[{"taxonomy":"category","embeddable":true,"href":"https:\/\/predstavnistvorsbg.rs\/sr-Latn\/wp-json\/wp\/v2\/categories?post=6918"},{"taxonomy":"post_tag","embeddable":true,"href":"https:\/\/predstavnistvorsbg.rs\/sr-Latn\/wp-json\/wp\/v2\/tags?post=6918"}],"curies":[{"name":"wp","href":"https:\/\/api.w.org\/{rel}","templated":true}]}}