{"id":7623,"date":"2023-04-20T10:29:29","date_gmt":"2023-04-20T08:29:29","guid":{"rendered":"http:\/\/prs2.profimediagroup.com\/?p=7623"},"modified":"2023-11-13T10:33:11","modified_gmt":"2023-11-13T09:33:11","slug":"zanoncelo-slavio-u-vlasenici-i-obukao-zutu-majicu","status":"publish","type":"post","link":"https:\/\/predstavnistvorsbg.rs\/sr-Latn\/prethodni-dogadjaji-sr-latn\/zanoncelo-slavio-u-vlasenici-i-obukao-zutu-majicu\/","title":{"rendered":"Zanon\u0107elo slavio u Vlasenici i obukao \u017eutu majicu"},"content":{"rendered":"<p>Pobjednik druge etape biciklisti\u010dke trke \u201eBeograd &#8211; Banjaluka\u201c je biciklista Bardijanija Enriko Zanon\u0107elo koji je ovim trijumfom obezbijedio i vo\u0111stvo u generalnom plasmanu.<\/p>\n<p><img loading=\"lazy\" class=\"alignnone wp-image-7616 size-full\" title=\"Miroslav \u041araljevi\u0107, na\u010delnik Vlasenice do\u010dekao pobjednika druge etape biciklisti\u010dke trke \u201eBeograd - Banjaluka\u201c, biciklistu Enrika Zanon\u0107ela\" src=\"http:\/\/prs2.profimediagroup.com\/wp-content\/uploads\/2023\/11\/b_trka_bijeljina_vlasenica2.png?_t=1699867449\" alt=\"Miroslav \u041araljevi\u0107, na\u010delnik Vlasenice do\u010dekao pobjednika druge etape biciklisti\u010dke trke \u201eBeograd - Banjaluka\u201c, biciklistu Enrika Zanon\u0107ela\" width=\"1024\" height=\"682\" srcset=\"https:\/\/predstavnistvorsbg.rs\/wp-content\/uploads\/2023\/11\/b_trka_bijeljina_vlasenica2.png 1024w, https:\/\/predstavnistvorsbg.rs\/wp-content\/uploads\/2023\/11\/b_trka_bijeljina_vlasenica2-300x200.png 300w\" sizes=\"(max-width: 1024px) 100vw, 1024px\" \/><\/p>\n<p>\u010cinilo se da \u0107e na etapi koja je vo\u017eena od Bijeljine do Vlasenice slaviti Slovenac Jaka Primo\u017ei\u010d koji je na ulasku posljednji krug imao veliku prednost, ali ga je grupa stigla, a Italijan imao najvi\u0161e snage na kraju iscrpljuju\u0107e etape duge 145 kilometara.<br \/>\n&#8211; Vrlo sam sre\u0107an zbog pobjede na ovako jakoj trci. Bilo je vrlo te\u0161ko, mala grupa se izdvojila, a ja sam uspio da pobijedim. Sutra je dan za sprintere, radi\u0107emo zajedno i nadam se da \u0107emo sa\u010duvati moju majicu &#8211; rekao je Zanon\u0107elo.<\/p>\n<p>Drugo mjesto u dana\u0161njoj etapi osvojio je Eduard Mihael Grosu iz ekipe Masov\u0161e, dok je tre\u0107i na cilj stigao Vikt\u043er Poto\u010dki, \u010dlan ekipe Ljubljana.<\/p>\n<p>Fenomenalnu atmoferu i ove godine napravili su Vlaseni\u010dani, a svakako treba pohvaliti i Zvorni\u010dane i mje\u0161tane \u0160ekovi\u0107a koji su u velikom broju iza\u0161li da pozdrave karavan biciklista koji su stigli iz 30 zemalja svijeta.<\/p>\n<p>&#8211; Ponovo smo do\u010dekali sjane bicikliste, a ova trka je pokazala da nema granica. Veliko hvala gospodinu Vladimiru \u041auvalji i njegovom timu koji sa ovom trkom \u0161alje izuzetno lijepu i va\u017enu poruku, koja glasi da su Republika Srpska i Srbija jedno. Mi smo se potrudili da poka\u017eemo da je Vlasenica mali grad velikog srca. Bez sumnje ovo je sjajno organizovana trka &#8211; naglasio je na\u010delnik Vlasenice Miroslav \u041araljevi\u0107.<\/p>\n<p><img loading=\"lazy\" class=\"alignnone wp-image-7619 size-full\" title=\"Grafikon\" src=\"http:\/\/prs2.profimediagroup.com\/wp-content\/uploads\/2023\/11\/b_trka_bijeljina_vlasenica3.jpg?_t=1699867591\" alt=\"Grafikon\" width=\"513\" height=\"330\" srcset=\"https:\/\/predstavnistvorsbg.rs\/wp-content\/uploads\/2023\/11\/b_trka_bijeljina_vlasenica3.jpg 513w, https:\/\/predstavnistvorsbg.rs\/wp-content\/uploads\/2023\/11\/b_trka_bijeljina_vlasenica3-300x193.jpg 300w\" sizes=\"(max-width: 513px) 100vw, 513px\" \/><\/p>\n<p>Direktor Biciklistikog saveza Republike Srpske Vladimir \u041auvalja naglasio je da je Vlasenica jo\u0161 jednom napravila fantasti\u010dan posao.<\/p>\n<p>&#8211; Ova op\u0161tina zaslu\u017euje da organizuje mnogo ve\u0107e doga\u0111aje i u drugim sportovima, a ja sam siguran da \u0107e ponovo dobiti status najboljeg doma\u0107ina. Vjerujte da sam ponosan \u0161to postoji jedna op\u0161tina kao \u0161to je Vlasenica \u2013 naglasio je \u041auvalja<\/p>\n<p>Sutra je na programu tre\u0107a etapa koja se vozi od Doboja do Prijedora preko autoputa \u201e9. januar\u201c. Start je u 12 \u010dasova.<\/p>\n","protected":false},"excerpt":{"rendered":"<p>Pobjednik druge etape biciklisti\u010dke trke \u201eBeograd &#8211; Banjaluka\u201c je biciklista Bardijanija Enriko Zanon\u0107elo koji je ovim trijumfom obezbijedio i vo\u0111stvo u generalnom plasmanu. \u010cinilo se da \u0107e na etapi koja je vo\u017eena od Bijeljine do Vlasenice slaviti Slovenac Jaka Primo\u017ei\u010d koji je na ulasku posljednji krug imao veliku prednost, ali ga je grupa stigla, a&#8230;<\/p>\n","protected":false},"author":4,"featured_media":7612,"comment_status":"closed","ping_status":"closed","sticky":false,"template":"","format":"standard","meta":[],"categories":[56],"tags":[77],"_links":{"self":[{"href":"https:\/\/predstavnistvorsbg.rs\/sr-Latn\/wp-json\/wp\/v2\/posts\/7623"}],"collection":[{"href":"https:\/\/predstavnistvorsbg.rs\/sr-Latn\/wp-json\/wp\/v2\/posts"}],"about":[{"href":"https:\/\/predstavnistvorsbg.rs\/sr-Latn\/wp-json\/wp\/v2\/types\/post"}],"author":[{"embeddable":true,"href":"https:\/\/predstavnistvorsbg.rs\/sr-Latn\/wp-json\/wp\/v2\/users\/4"}],"replies":[{"embeddable":true,"href":"https:\/\/predstavnistvorsbg.rs\/sr-Latn\/wp-json\/wp\/v2\/comments?post=7623"}],"version-history":[{"count":0,"href":"https:\/\/predstavnistvorsbg.rs\/sr-Latn\/wp-json\/wp\/v2\/posts\/7623\/revisions"}],"wp:featuredmedia":[{"embeddable":true,"href":"https:\/\/predstavnistvorsbg.rs\/sr-Latn\/wp-json\/wp\/v2\/media\/7612"}],"wp:attachment":[{"href":"https:\/\/predstavnistvorsbg.rs\/sr-Latn\/wp-json\/wp\/v2\/media?parent=7623"}],"wp:term":[{"taxonomy":"category","embeddable":true,"href":"https:\/\/predstavnistvorsbg.rs\/sr-Latn\/wp-json\/wp\/v2\/categories?post=7623"},{"taxonomy":"post_tag","embeddable":true,"href":"https:\/\/predstavnistvorsbg.rs\/sr-Latn\/wp-json\/wp\/v2\/tags?post=7623"}],"curies":[{"name":"wp","href":"https:\/\/api.w.org\/{rel}","templated":true}]}}