{"id":7647,"date":"2023-04-21T10:49:02","date_gmt":"2023-04-21T08:49:02","guid":{"rendered":"http:\/\/prs2.profimediagroup.com\/?p=7647"},"modified":"2023-11-14T12:06:36","modified_gmt":"2023-11-14T11:06:36","slug":"cicovic-istorijska-obaveza-razobliciti-sve-lazi-o-ratu-u-bih","status":"publish","type":"post","link":"https:\/\/predstavnistvorsbg.rs\/sr-Latn\/prethodni-dogadjaji-sr-latn\/cicovic-istorijska-obaveza-razobliciti-sve-lazi-o-ratu-u-bih\/","title":{"rendered":"Cicovi\u0107: Istorijska obaveza &#8211; razobli\u010diti sve la\u017ei o ratu u BiH"},"content":{"rendered":"<p>Istorijska obaveza Srba je razobli\u010diti i poni\u0161titi sve medijske i politi\u010dke la\u017ei predstavnika druge strane o ratu od 1992. do 1995. na prostoru BiH, posebno u vezi sa Sarajevom, ocijenio je danas \u0161ef Predstavni\u0161tva Republike Srpske u Srbiji <strong>Mla\u0111en Cicovi\u0107<\/strong> na panelu &#8222;Da li je Sarajevo bio opkoljen i blokiran grad&#8220;.<\/p>\n<p>&#8211; Pitanje opsade ili blokade Sarajeva je mo\u017eda i najva\u017enije, jer \u0107e neposredna svjedo\u010denja zajedno sa nau\u010dno-istra\u017eiva\u010dkim dostignu\u0107ima neizbje\u017eno pokrenuti ispravljanje, ako ne svih, a ono mnogih podvala i la\u017ei koje su se pojavile samo kao odjek velike i po svijetu vje\u0161to ra\u0161irene prevare &#8211; rekao je Cicovi\u0107.<\/p>\n<p>Cicovi\u0107 je na panelu u Beogradu istakao da je primjer propagande la\u017ei i napad na Srpsku Ilid\u017eu 22. aprila 1992. godine, iako se istina \/da su muslimani napali Srbe\/ mogla vidjeti u direktnom televizijskom prenosu.<\/p>\n<p>On je ukazao da bi pri svemu tome valjalo imati u vidu da je kontinuirano propagandno djelovanje politi\u010dkog Sarajeva, uz podr\u0161ku Zapada, protiv srpskog naroda &#8211; zapo\u010delo prije rata.<\/p>\n<p>Cicovi\u0107 je rekao da je ta propaganda i u ratu svim sredstvima i mogu\u0107nostima intenzivirana do krajnjih granica, a nije prestala ni proslije rata, pa ni danas.<\/p>\n<p>&#8211; Vi\u0161e od 30 godina kasnije, politi\u010dkom Sarajevu i njegovim stranim mentorima, za\u0161to ne re\u0107i i stranim gospodarima, smeta sve \u0161to je srpsko, a Republika Srpska i njena ustavna prava su direktna meta. Pravna nasilja, podvale i podmeta\u010dine sa tih adresa ne prestaju, mijenjaju se samo na\u010dini i sredstva &#8211; istakao je Cicovi\u0107.<\/p>\n<p>On je naglasio da najja\u010de argumente u razobli\u010davanju tih, i svih ostalih medijskih i politi\u010dkih la\u017ei, imaju neposredni u\u010desnici sukoba i bitaka u tom ratu.<\/p>\n<p>&#8211; Ali, te argumente u razobli\u010davanju la\u017ei imaju imaju i nau\u010dnici koji o svakom konkretnom sukobu i svakoj konkretnoj akciji neprijateljske propagandne ma\u0161inerije rasu\u0111uju na osnovu istorijskih dokumenata &#8211; naredaba, izvje\u0161taja, mogu\u0107ih tuma\u010denja, tobo\u017ee, neutralne strane, analizom posljedica takvih akcija i drugim posebnim sredstvima &#8211; ukazao je Cicovi\u0107.<\/p>\n<p>Cicovi\u0107 je napomenuo da \u0107e argumenti prezentovani u izvje\u0161taju Me\u0111unarodne komisije o stradanju Srba u Sarajevu biti velika pomo\u0107 sada\u0161njim i budu\u0107nim istra\u017eiva\u010dima.<\/p>\n<p>On je podsjetio na ocjenu Vlade Republike Srpske da \u0107e taj izvje\u0161taj &#8222;doprinijeti objektivnom i nepristrasnom sagledavanju svih \u010dinjenica vezanih za stradanje Srba u Sarajevu, kao i da \u0107e cjelovito i istinito sagledavanje ratnih doga\u0111aja u Sarajevu, ali i cijeloj BiH, doprinijeti ja\u010danju povjerenja i tolerancije me\u0111u narodima u BiH, kona\u010dnom pomirenju i su\u017eivotu sada\u0161njih i budu\u0107ih generacija&#8220;.<\/p>\n<p>Cicovi\u0107 je ocijenio da ovakvi skupovi i otvoreni razgovori doprinose, ne samo rasvjetljavanju propagandnih podvala i uspostavljanju istorijskih istina, nego i jedinstvu srpskog naroda, koje mu je sada, u jeku zao\u0161trenih odnosa Istoka i Zapada, posebno potrebno i naro\u010dito zna\u010dajno.<\/p>\n<p>On je istakao da je, pored istorijskih istina i istina o srpskog narodu i dr\u017eavi, jedinstvo garancija opstanka Srba.<\/p>\n<p>&#8211; Da bismo kao narod i dr\u017eava opstali moramo u svakom od nas razvijati ljubav prema o\u010duvanju i njegovanju srpskog jezika i srpskog pisma, \u0107irilice, srpske vjere pravoslavne, srpske istorije, kulture, taradicije, jer smo na tome stasali i time nadahnuti zna\u0107emo i u budu\u0107nosti sa\u010duvati svoje pravo na istinu, slobodu i pravdu, na svoju Republiku Srpsku &#8211; rekao je Cicovi\u0107.<\/p>\n<p><img loading=\"lazy\" class=\"alignnone wp-image-7631 size-full\" title=\"Panel diskusija: \u201eDa li je Sarajevo bio opkoljen i blokiran grad?\u201c, govore - Simo Tu\u0161evljak, dugogodi\u0161nji glavni inspektor Ministarstva unutra\u0161njih poslova Srpske za istrage ratnih zlo\u010dina, Tomo \u041aova\u010d, nekada\u0161nji ministar unutra\u0161njih poslova R. Srpske, prof. Du\u0161an \u0160ehovac, Mla\u0111en Cicovi\u0107, \u0161ef Predstavni\u0161tva R. Srpske u Srbiji i Anja Vukeli\u0107, moderator\" src=\"http:\/\/prs2.profimediagroup.com\/wp-content\/uploads\/2023\/11\/panel_diskusija2.png?_t=1699868415\" alt=\"Panel diskusija: \u201eDa li je Sarajevo bio opkoljen i blokiran grad?\u201c, govore - Simo Tu\u0161evljak, dugogodi\u0161nji glavni inspektor Ministarstva unutra\u0161njih poslova Srpske za istrage ratnih zlo\u010dina, Tomo \u041aova\u010d, nekada\u0161nji ministar unutra\u0161njih poslova R. Srpske, prof. Du\u0161an \u0160ehovac, Mla\u0111en Cicovi\u0107, \u0161ef Predstavni\u0161tva R. Srpske u Srbiji i Anja Vukeli\u0107, moderator\" width=\"1024\" height=\"682\" srcset=\"https:\/\/predstavnistvorsbg.rs\/wp-content\/uploads\/2023\/11\/panel_diskusija2.png 1024w, https:\/\/predstavnistvorsbg.rs\/wp-content\/uploads\/2023\/11\/panel_diskusija2-300x200.png 300w\" sizes=\"(max-width: 1024px) 100vw, 1024px\" \/><\/p>\n<p>Na panelu se razgovaralo o predratnim, ratnim i postratnim bo\u0161nja\u010dkim neistinama o karakteru i sadr\u017eaju rata u BiH, na primjeru sarajevskog rati\u0161ta, a obratili su se o nekada\u0161nji ministar unutra\u0161njih poslova Republike Srpske Tomo \u041aova\u010d, dugogodi\u0161nji glavni inspektor Ministarstva unutra\u0161njih poslova Srpske za istrage ratnih zlo\u010dina Simo Tu\u0161evljak, profesor Du\u0161an \u0160ehovac.<\/p>\n<p><img loading=\"lazy\" class=\"alignnone wp-image-7634 size-full\" title=\"Tomo \u041aova\u010d, nekada\u0161nji ministar unutra\u0161njih poslova R. Srpske\" src=\"http:\/\/prs2.profimediagroup.com\/wp-content\/uploads\/2023\/11\/panel_diskusija3.png?_t=1699868475\" alt=\"Tomo \u041aova\u010d, nekada\u0161nji ministar unutra\u0161njih poslova R. Srpske\" width=\"1024\" height=\"682\" srcset=\"https:\/\/predstavnistvorsbg.rs\/wp-content\/uploads\/2023\/11\/panel_diskusija3.png 1024w, https:\/\/predstavnistvorsbg.rs\/wp-content\/uploads\/2023\/11\/panel_diskusija3-300x200.png 300w\" sizes=\"(max-width: 1024px) 100vw, 1024px\" \/><\/p>\n<p>Policijski general u penziji i biv\u0161i ministar unutra\u0161njih poslova Republike Srpske <strong>Tomo \u041aova\u010d<\/strong>, koji je u to vrijeme bio komandant policije na Ilid\u017ei, rekao je da su strane televizijske ekipe bile pripremljene da snime pad Ilid\u017ee, a da je \u041arizni \u0161tab SDA izdao naredbu za napad.<\/p>\n<p>\u041aova\u010d je podsjetio da su jo\u0161 u februaru SDA i &#8222;Patriotska liga&#8220; donijele svoje strate\u0161ke ratne ciljeve napada na kasarne JNA, srpska sela, zaseoke, stanove, kao i da su Srbe prozvali \u010detnicima, a da i danas postoji paradigma da su Srbi izazvali rat u BiH.<\/p>\n<p>On je naveo da su Srbi dr\u017eali Vrelo Bosne i da su tokom cijelog rata davali i vodu i struju Sarajevu, uprkos ratovanju, kao i da je srpske policajce iz MUP-a BiH istjerala politika Alije Izetbegovi\u0107a svojim vrednosnim sistemom i stvaranjem islamske dr\u017eave.<\/p>\n<p>&#8222;Organizovali smo se da spasimo na\u0161 narod. U Republiku Srpsku smo ugradili na\u0161e grobove, borce, sve \u0161to smo imali da bi dobili Republiku Srpsku. Mnogo toga smo stvorili i to nam evo otimaju ve\u0107 30 godina, pa opet imamo Republiku Srpsku&#8220;, rekao je \u041aova\u010d, koji je naveo da i danas SDA ne daje \u0161ansu nijednom Bo\u0161njaku koji \u017eeli da sa\u010duva mir i normalan \u017eivot sa Srbima.<\/p>\n<p><img loading=\"lazy\" class=\"alignnone wp-image-7637 size-full\" title=\"Prof. Du\u0161an \u0160ehovac, predsjednik Udru\u017eenja \u201eIstina i pravda\" src=\"http:\/\/prs2.profimediagroup.com\/wp-content\/uploads\/2023\/11\/panel_diskusija4.png?_t=1699868591\" alt=\"Prof. Du\u0161an \u0160ehovac, predsjednik Udru\u017eenja \u201eIstina i pravda\" width=\"1024\" height=\"682\" srcset=\"https:\/\/predstavnistvorsbg.rs\/wp-content\/uploads\/2023\/11\/panel_diskusija4.png 1024w, https:\/\/predstavnistvorsbg.rs\/wp-content\/uploads\/2023\/11\/panel_diskusija4-300x200.png 300w\" sizes=\"(max-width: 1024px) 100vw, 1024px\" \/><\/p>\n<p>Predsjednik Udru\u017eenja &#8222;Istina i pravda&#8220; iz Isto\u010dnog Sarajeva <strong>Du\u0161an \u0160ehovac<\/strong> je ukazao na la\u017ei i manipulacije doga\u0111ajima u Sarajevu na primjeru napada na Srpsku Ilid\u017eu 21. aprila 1992. godine od muslimanskih snaga, te naveo da je taj doga\u0111aj tokom vremena opisivan prvo kao napad radi osloba\u0111anja, pa kontranapad i na kraju kao odbrana.<\/p>\n<p>&#8222;Sve to treba da poka\u017ee da su oni bili \u017ertve, a Srbi agresori i lo\u0161i momci. Veliku ulogu u tome je igrala i me\u0111unarodna zajednica i mediji koje su Bo\u0161njaci platili i koji su za njih radili&#8220;, rekao je \u0160ehovac.<\/p>\n<p>\u0160ehovac, koji je bio i predsjednik srpske op\u0161tine Ilid\u017ea, istakao je da su taj muslimanski napad snimili brojni svjetski mediji koji su tada bili na Ilid\u017ei, ali da su ti snimci kasnije zloupotrijebljeni i predstavljeni kao &#8222;dokaz srpske agresije i opsade Sarajeva&#8220;.<\/p>\n<p>\u201eSrbi su samo iza\u0161li u svoja dvori\u0161ta da brane svoje&#8220;, rekao je \u0160ehovac.<\/p>\n<p><img loading=\"lazy\" class=\"alignnone wp-image-7640 size-full\" title=\"Simo Tu\u0161evljak, dugogodi\u0161nji glavni inspektor Ministarstva unutra\u0161njih poslova Srpske za istrage ratnih zlo\u010dina\" src=\"http:\/\/prs2.profimediagroup.com\/wp-content\/uploads\/2023\/11\/panel_diskusija5.png?_t=1699868659\" alt=\"Simo Tu\u0161evljak, dugogodi\u0161nji glavni inspektor Ministarstva unutra\u0161njih poslova Srpske za istrage ratnih zlo\u010dina\" width=\"1024\" height=\"682\" srcset=\"https:\/\/predstavnistvorsbg.rs\/wp-content\/uploads\/2023\/11\/panel_diskusija5.png 1024w, https:\/\/predstavnistvorsbg.rs\/wp-content\/uploads\/2023\/11\/panel_diskusija5-300x200.png 300w\" sizes=\"(max-width: 1024px) 100vw, 1024px\" \/><\/p>\n<p>Govore\u0107i na panelu, <strong>Simo Tu\u0161evljak<\/strong> istakao je da je u Sarajevu izvr\u0161en urbicid i genocid nad Srbima i da ve\u0107 vi\u0161e od 20 godina u porodili\u0161tima u tom gradu nije upisano nijedno srpsko dijete.<\/p>\n<p>\u201eNema vi\u0161e srpske djece u Sarajevu. Ali, srpska groblja u svim sarajevskim naseljima govore o postojanju Srba na tim prostorima i onome \u0161ta im se desilo u Sarajevu&#8220;, rekao je Tu\u0161evljak.<\/p>\n<p>Tu\u0161evljak je naglasio da su najve\u0107i stradalnici u ratu u BiH bili Srbi iz Sarajeva, i oni koji su ostali i oni koji su iza\u0161li, kao i oni koji su izgubili Srpsko Sarajevo poslije Dejtona.<\/p>\n<p>\u201eIzlazili su iz Sarajeva u papu\u010dama i \u010darapama, prepisivali svoju imovinu ili su ubijani. Ve\u0107 u martu i aprilu 1992. godine dolazi do ogromne plja\u010dke srpske imovine u Sarajevu&#8220;, podsjetio je Tu\u0161evljak.<\/p>\n<p>On je rekao da je rijeka Miljacka u sarajevskom naselju Stup izbacivala tijela ubijene srpske djece, da je u raznim mu\u010dili\u0161tama i javnim ku\u0107ama u tom gradu silovano na stotine Srpkinja, da su sve muslimanske rovove na borbenim linijama oko Sarajeva iskopali Srbi, koji su prisiljeni na to, a poslije ih je muslimanska propaganda prikazivala kao \u017ertve srpskih snaga.<\/p>\n<p>Tu\u0161evljak je napomenuo da je \u201eCentar za dru\u0161tvena istra\u017eivanja, tranzicijsku pravdu i demokratiju &#8211; Istina i pravda&#8220; registrovao 3.300 \u017ertava ratnog zlo\u010dina protiv srpskih civila, vojnika i policajaca koji nisu poginuli u borbama, nego su ubijeni snajperima, u logorima ili granatama, te da su podignute 273 krivi\u010dne prijave protiv izvr\u0161ilaca tih zlo\u010dina.<\/p>\n<p>On je podsjetio da se u FBiH u\u010de\u0161\u0107e u radu priznaje od aprila 1991. godine, kada je formirano vojno krilo SDA takozvana \u201ePatriotska liga&#8220;, \u0161to zna\u010di godinu dana prije izbijanja rata u BiH.<\/p>\n<p>\u201eMi nigdje nismo napali Sarajevo, samo smo branili svoja ognji\u0161ta i domove gdje su bile na\u0161e porodice. U Sarajevsko-romanijskom korpusu 95 odsto vojnika su ro\u0111eni i \u017eivjeli u Sarajevu, dok ih je na muslimanskoj strani bilo mnogo iz, na primjer, Novog Pazara, Tutina, Bijelog Polja&#8230;&#8220;, rekao je Tu\u0161evljak.<\/p>\n<p><img loading=\"lazy\" class=\"alignnone wp-image-7643 size-full\" title=\"Panel je organizovalo Udru\u017eenje \u201eCentar za dru\u0161tvena istra\u017eivanja, tranzicijsku pravdu i demokratiju - Istina i pravda\" src=\"http:\/\/prs2.profimediagroup.com\/wp-content\/uploads\/2023\/11\/panel_diskusija6.png?_t=1699868714\" alt=\"Panel je organizovalo Udru\u017eenje \u201eCentar za dru\u0161tvena istra\u017eivanja, tranzicijsku pravdu i demokratiju - Istina i pravda\" width=\"1024\" height=\"682\" srcset=\"https:\/\/predstavnistvorsbg.rs\/wp-content\/uploads\/2023\/11\/panel_diskusija6.png 1024w, https:\/\/predstavnistvorsbg.rs\/wp-content\/uploads\/2023\/11\/panel_diskusija6-300x200.png 300w\" sizes=\"(max-width: 1024px) 100vw, 1024px\" \/><\/p>\n<p>Na skupu su prikazani snimci stranih televizijskih ku\u0107a muslimanskog napada na Srpsku Ilid\u017eu, njihovo prvobitno izvje\u0161tavanje da su muslimanske snage napale Srbe na Ilid\u017ei, prikazane su i mape sarajevskih op\u0161tina, opsadnih prstenova i srpskih i bo\u0161nja\u010dkih, kao i razgrani\u010denja.<\/p>\n<p>Pro\u010ditana je molitva pukovnika JNA Vladimira Jankovi\u0107a koji je mu\u010den u zato\u010deni\u0161tvu u sarajevskom Centralnom zatvoru i razmijenjen 1993. godine, a u kojoj moli Boga da mu ne dozvoli da se sveti svojim d\u017eelatima.<\/p>\n<p>Panel je organizovalo Udru\u017eenje \u201eCentar za dru\u0161tvena istra\u017eivanja, tranzicijsku pravdu i demokratiju &#8211; Istina i pravda&#8220; iz Isto\u010dnog Sarajeva, uz podr\u0161ku Predstavni\u0161tva Republike Srpske u Srbiji.<\/p>\n<p>\u041aompletan video snimak sa panela mo\u017eete pogledati <a href=\"https:\/\/www.youtube.com\/watch?v=hl3RJFY_-ig\">OVDJE<\/a><\/p>\n","protected":false},"excerpt":{"rendered":"<p>Istorijska obaveza Srba je razobli\u010diti i poni\u0161titi sve medijske i politi\u010dke la\u017ei predstavnika druge strane o ratu od 1992. do 1995. na prostoru BiH, posebno u vezi sa Sarajevom, ocijenio je danas \u0161ef Predstavni\u0161tva Republike Srpske u Srbiji Mla\u0111en Cicovi\u0107 na panelu &#8222;Da li je Sarajevo bio opkoljen i blokiran grad&#8220;. &#8211; Pitanje opsade ili&#8230;<\/p>\n","protected":false},"author":4,"featured_media":7630,"comment_status":"closed","ping_status":"closed","sticky":false,"template":"","format":"standard","meta":[],"categories":[56],"tags":[77],"_links":{"self":[{"href":"https:\/\/predstavnistvorsbg.rs\/sr-Latn\/wp-json\/wp\/v2\/posts\/7647"}],"collection":[{"href":"https:\/\/predstavnistvorsbg.rs\/sr-Latn\/wp-json\/wp\/v2\/posts"}],"about":[{"href":"https:\/\/predstavnistvorsbg.rs\/sr-Latn\/wp-json\/wp\/v2\/types\/post"}],"author":[{"embeddable":true,"href":"https:\/\/predstavnistvorsbg.rs\/sr-Latn\/wp-json\/wp\/v2\/users\/4"}],"replies":[{"embeddable":true,"href":"https:\/\/predstavnistvorsbg.rs\/sr-Latn\/wp-json\/wp\/v2\/comments?post=7647"}],"version-history":[{"count":0,"href":"https:\/\/predstavnistvorsbg.rs\/sr-Latn\/wp-json\/wp\/v2\/posts\/7647\/revisions"}],"wp:featuredmedia":[{"embeddable":true,"href":"https:\/\/predstavnistvorsbg.rs\/sr-Latn\/wp-json\/wp\/v2\/media\/7630"}],"wp:attachment":[{"href":"https:\/\/predstavnistvorsbg.rs\/sr-Latn\/wp-json\/wp\/v2\/media?parent=7647"}],"wp:term":[{"taxonomy":"category","embeddable":true,"href":"https:\/\/predstavnistvorsbg.rs\/sr-Latn\/wp-json\/wp\/v2\/categories?post=7647"},{"taxonomy":"post_tag","embeddable":true,"href":"https:\/\/predstavnistvorsbg.rs\/sr-Latn\/wp-json\/wp\/v2\/tags?post=7647"}],"curies":[{"name":"wp","href":"https:\/\/api.w.org\/{rel}","templated":true}]}}