{"id":7688,"date":"2023-04-22T11:42:36","date_gmt":"2023-04-22T09:42:36","guid":{"rendered":"http:\/\/prs2.profimediagroup.com\/?p=7688"},"modified":"2023-11-13T11:49:18","modified_gmt":"2023-11-13T10:49:18","slug":"slovenac-matija-gregor-cerne-pobjednik-trke-beograd-banjaluka","status":"publish","type":"post","link":"https:\/\/predstavnistvorsbg.rs\/sr-Latn\/prethodni-dogadjaji-sr-latn\/slovenac-matija-gregor-cerne-pobjednik-trke-beograd-banjaluka\/","title":{"rendered":"Slovenac Matija Gregor \u010cerne pobjednik trke \u201eBeograd-Banjaluka\u201c"},"content":{"rendered":"<p>Voza\u010d ekipe \u201eMeblo Jogi\u201c Slovenac Matija Gregor \u010cerne pobjednik je 17. izdanja Me\u0111unarodne biciklisti\u010dke trke \u201eBeograd \u2013 Banjaluka\u201c.<\/p>\n<p>Slovencu je za ukupnu pobjedu bila dovoljna i druga pozicija na posljednjoj dionici koja je vo\u017eena iz Novog Grada do Banjaluke.<\/p>\n<p>\u010cerne je ujedno ponio i crvenu majicu za najboljeg sprintera ovogodi\u0161njeg izdanja trke.<\/p>\n<p>On je izjavio da je trka i sve vezano za nju bilo na vrhunskom nivou i da je pobijedio zahvaljuju\u0107i timskom radu njegove ekipe \u201eMeblo Jogi\u201c.<\/p>\n<p>\u201eHvala rukovodstvu kluba, sponzorima i svima ostalima. \u041aada se sve sklopi, onda to donosi uspjeh&#8220;, dodao je \u010cerne.<\/p>\n<p><img loading=\"lazy\" class=\"alignnone wp-image-7675 size-full\" title=\"Zajedni\u010dka fotografija osvaja\u010da nagrada na Me\u0111unarodnoj biciklisti\u010dkoj trci \u201eBeograd \u2013 Banjaluka\u201c\" src=\"http:\/\/prs2.profimediagroup.com\/wp-content\/uploads\/2023\/11\/poslednja_etapa_trke2.png?_t=1699871238\" alt=\"Zajedni\u010dka fotografija osvaja\u010da nagrada na Me\u0111unarodnoj biciklisti\u010dkoj trci \u201eBeograd \u2013 Banjaluka\u201c\" width=\"1024\" height=\"682\" srcset=\"https:\/\/predstavnistvorsbg.rs\/wp-content\/uploads\/2023\/11\/poslednja_etapa_trke2.png 1024w, https:\/\/predstavnistvorsbg.rs\/wp-content\/uploads\/2023\/11\/poslednja_etapa_trke2-300x200.png 300w\" sizes=\"(max-width: 1024px) 100vw, 1024px\" \/><\/p>\n<p>Drugo mjesto u ukupnom plasmanu pripalo je Eduardu Mihaelu Grosu, dok je tre\u0107i Poljak Barto\u0161 Rudik.<\/p>\n<p>Pobjednik posljednje etape je \u041aristijan Ho\u010devar.<\/p>\n<div id=\"attachment_7672\" style=\"width: 1034px\" class=\"wp-caption alignnone\"><img aria-describedby=\"caption-attachment-7672\" loading=\"lazy\" class=\"wp-image-7672 size-full\" title=\"Matija Gregor \u010cerne, Slovenac - pobjednik je 17. izdanja Me\u0111unarodne biciklisti\u010dke trke \u201eBeograd \u2013 Banjaluka\u201c\" src=\"http:\/\/prs2.profimediagroup.com\/wp-content\/uploads\/2023\/11\/poslednja_etapa_trke1.png?_t=1699871001\" alt=\"Matija Gregor \u010cerne, Slovenac - pobjednik je 17. izdanja Me\u0111unarodne biciklisti\u010dke trke \u201eBeograd \u2013 Banjaluka\u201c\" width=\"1024\" height=\"682\" srcset=\"https:\/\/predstavnistvorsbg.rs\/wp-content\/uploads\/2023\/11\/poslednja_etapa_trke1.png 1024w, https:\/\/predstavnistvorsbg.rs\/wp-content\/uploads\/2023\/11\/poslednja_etapa_trke1-300x200.png 300w\" sizes=\"(max-width: 1024px) 100vw, 1024px\" \/><p id=\"caption-attachment-7672\" class=\"wp-caption-text\">Matija Gregor \u010cerne, Slovenac &#8211; pobjednik je 17. izdanja Me\u0111unarodne biciklisti\u010dke trke \u201eBeograd \u2013 Banjaluka\u201c<\/p><\/div>\n<p><img loading=\"lazy\" class=\"alignnone wp-image-7678 size-full\" title=\"Lorenco \u041aonforti, Italijan - najuspje\u0161niji mladi voza\u010d osvojio je bijelu majicu\" src=\"http:\/\/prs2.profimediagroup.com\/wp-content\/uploads\/2023\/11\/poslednja_etapa_trke3.png?_t=1699871514\" alt=\"Lorenco \u041aonforti, Italijan - najuspje\u0161niji mladi voza\u010d osvojio je bijelu majicu\" width=\"1024\" height=\"682\" srcset=\"https:\/\/predstavnistvorsbg.rs\/wp-content\/uploads\/2023\/11\/poslednja_etapa_trke3.png 1024w, https:\/\/predstavnistvorsbg.rs\/wp-content\/uploads\/2023\/11\/poslednja_etapa_trke3-300x200.png 300w\" sizes=\"(max-width: 1024px) 100vw, 1024px\" \/><\/p>\n<p>Plava majica za najboljeg brdskog voza\u010da ostala je u vlasni\u0161tvu Jake Primo\u017ei\u010da, a najuspje\u0161niji mladi voza\u010d je Italijan Lorenco \u041aonforti za bijelom majicom.<\/p>\n<p>Tradicionalna biciklisti\u010dka trka \u201eBeograd-Banjaluka\u201c krenula je iz Beograda u srijedu, 19. aprila, a u trci je u\u010destvovalo 175 biciklista iz 30 zemalja.<\/p>\n<p>Trasa trke \u201eBeograd \u2013 Banjaluka\u201c bila je duga 600 kilometara i prolazila je kroz 15 gradova u Srbiji i Republici Srpskoj.<\/p>\n<p><img loading=\"lazy\" class=\"alignnone wp-image-7681 size-full\" title=\"Trasa trke \u201eBeograd \u2013 Banjaluka\u201c bila je duga 600 kilometara i prolazila je kroz 15 gradova u Srbiji i R. Srpskoj\" src=\"http:\/\/prs2.profimediagroup.com\/wp-content\/uploads\/2023\/11\/poslednja_etapa_trke4.png?_t=1699871815\" alt=\"Trasa trke \u201eBeograd \u2013 Banjaluka\u201c bila je duga 600 kilometara i prolazila je kroz 15 gradova u Srbiji i R. Srpskoj\" width=\"1024\" height=\"767\" srcset=\"https:\/\/predstavnistvorsbg.rs\/wp-content\/uploads\/2023\/11\/poslednja_etapa_trke4.png 1024w, https:\/\/predstavnistvorsbg.rs\/wp-content\/uploads\/2023\/11\/poslednja_etapa_trke4-300x225.png 300w\" sizes=\"(max-width: 1024px) 100vw, 1024px\" \/><\/p>\n<p>Odr\u017eavanje ovog doga\u0111aja podr\u017eali su predsjednik Republike Srpske Milorad Dodik, Ministarstvo porodice, omladine i sporta Republike Srpske, Ministarstvo omladine i sporta Srbije i Predstavni\u0161tvo Republike Srpske u Srbiji.<\/p>\n","protected":false},"excerpt":{"rendered":"<p>Voza\u010d ekipe \u201eMeblo Jogi\u201c Slovenac Matija Gregor \u010cerne pobjednik je 17. izdanja Me\u0111unarodne biciklisti\u010dke trke \u201eBeograd \u2013 Banjaluka\u201c. Slovencu je za ukupnu pobjedu bila dovoljna i druga pozicija na posljednjoj dionici koja je vo\u017eena iz Novog Grada do Banjaluke. \u010cerne je ujedno ponio i crvenu majicu za najboljeg sprintera ovogodi\u0161njeg izdanja trke. On je izjavio&#8230;<\/p>\n","protected":false},"author":4,"featured_media":7674,"comment_status":"closed","ping_status":"closed","sticky":false,"template":"","format":"standard","meta":[],"categories":[56],"tags":[77],"_links":{"self":[{"href":"https:\/\/predstavnistvorsbg.rs\/sr-Latn\/wp-json\/wp\/v2\/posts\/7688"}],"collection":[{"href":"https:\/\/predstavnistvorsbg.rs\/sr-Latn\/wp-json\/wp\/v2\/posts"}],"about":[{"href":"https:\/\/predstavnistvorsbg.rs\/sr-Latn\/wp-json\/wp\/v2\/types\/post"}],"author":[{"embeddable":true,"href":"https:\/\/predstavnistvorsbg.rs\/sr-Latn\/wp-json\/wp\/v2\/users\/4"}],"replies":[{"embeddable":true,"href":"https:\/\/predstavnistvorsbg.rs\/sr-Latn\/wp-json\/wp\/v2\/comments?post=7688"}],"version-history":[{"count":0,"href":"https:\/\/predstavnistvorsbg.rs\/sr-Latn\/wp-json\/wp\/v2\/posts\/7688\/revisions"}],"wp:featuredmedia":[{"embeddable":true,"href":"https:\/\/predstavnistvorsbg.rs\/sr-Latn\/wp-json\/wp\/v2\/media\/7674"}],"wp:attachment":[{"href":"https:\/\/predstavnistvorsbg.rs\/sr-Latn\/wp-json\/wp\/v2\/media?parent=7688"}],"wp:term":[{"taxonomy":"category","embeddable":true,"href":"https:\/\/predstavnistvorsbg.rs\/sr-Latn\/wp-json\/wp\/v2\/categories?post=7688"},{"taxonomy":"post_tag","embeddable":true,"href":"https:\/\/predstavnistvorsbg.rs\/sr-Latn\/wp-json\/wp\/v2\/tags?post=7688"}],"curies":[{"name":"wp","href":"https:\/\/api.w.org\/{rel}","templated":true}]}}