{"id":7716,"date":"2023-04-23T12:09:35","date_gmt":"2023-04-23T10:09:35","guid":{"rendered":"http:\/\/prs2.profimediagroup.com\/?p=7716"},"modified":"2023-11-13T12:12:27","modified_gmt":"2023-11-13T11:12:27","slug":"u-secnju-otvorena-hercegovacka-kuca","status":"publish","type":"post","link":"https:\/\/predstavnistvorsbg.rs\/sr-Latn\/prethodni-dogadjaji-sr-latn\/u-secnju-otvorena-hercegovacka-kuca\/","title":{"rendered":"U Se\u010dnju otvorena \u201eHercegova\u010dka ku\u0107a\u201c"},"content":{"rendered":"<p>U op\u0161tini Se\u010danj, u kojoj su kolonizovani brojni Hercegovci, sino\u0107 je otvorena \u201eHercegova\u010dka ku\u0107a \u2013 \u0111edovina\u201c u kojoj \u0107e posjetioci biti u prilici da pogledaju bogatu istorijsku gra\u0111u o kolonizaciji Hercegovaca u Banat.<\/p>\n<p><img loading=\"lazy\" class=\"alignnone wp-image-7697 size-full\" title=\"Bogata istorijska gra\u0111a, predmeti i fotografije porodica koje su u vreme kolonizacije naselile Se\u010danj i ostala banatska sela\" src=\"http:\/\/prs2.profimediagroup.com\/wp-content\/uploads\/2023\/11\/secanj_djedovina2.png?_t=1699873232\" alt=\"Bogata istorijska gra\u0111a, predmeti i fotografije porodica koje su u vreme kolonizacije naselile Se\u010danj i ostala banatska sela\" width=\"1024\" height=\"1365\" srcset=\"https:\/\/predstavnistvorsbg.rs\/wp-content\/uploads\/2023\/11\/secanj_djedovina2.png 1024w, https:\/\/predstavnistvorsbg.rs\/wp-content\/uploads\/2023\/11\/secanj_djedovina2-225x300.png 225w, https:\/\/predstavnistvorsbg.rs\/wp-content\/uploads\/2023\/11\/secanj_djedovina2-768x1024.png 768w\" sizes=\"(max-width: 1024px) 100vw, 1024px\" \/><\/p>\n<p>U \u201eHercegova\u010dkoj ku\u0107i\u201c, koja je u formi muzeja, mo\u0107i \u0107e da se pogledaju predmeti i fotografije porodica koje su naselile Se\u010danj i ostala banatska sela.<\/p>\n<p><img loading=\"lazy\" class=\"alignnone wp-image-7700 size-full\" title=\"Mla\u0111en Cicovi\u0107, \u0161ef Predstavni\u0161tva R. Srpske u Srbiji sa Vajom Milo\u0161evi\u0107em \u010dlanom Grupe \u201eErceg\u201c i potomkom Hercegovaca\" src=\"http:\/\/prs2.profimediagroup.com\/wp-content\/uploads\/2023\/11\/secanj_djedovina3.png?_t=1699873304\" alt=\"Mla\u0111en Cicovi\u0107, \u0161ef Predstavni\u0161tva R. Srpske u Srbiji sa Vajom Milo\u0161evi\u0107em \u010dlanom Grupe \u201eErceg\u201c i potomkom Hercegovaca\" width=\"1024\" height=\"1365\" srcset=\"https:\/\/predstavnistvorsbg.rs\/wp-content\/uploads\/2023\/11\/secanj_djedovina3.png 1024w, https:\/\/predstavnistvorsbg.rs\/wp-content\/uploads\/2023\/11\/secanj_djedovina3-225x300.png 225w, https:\/\/predstavnistvorsbg.rs\/wp-content\/uploads\/2023\/11\/secanj_djedovina3-768x1024.png 768w\" sizes=\"(max-width: 1024px) 100vw, 1024px\" \/><\/p>\n<p>\u010clan Grupe \u201eErceg\u201c i potomak Hercegovaca Vajo Milo\u0161evi\u0107 rekao je da se raduje \u0161to \u0107e na ovaj na\u010din tradicija njihovih predaka ostati sa\u010duvana.<\/p>\n<p><img loading=\"lazy\" class=\"alignnone wp-image-7703 size-full\" title=\"Mla\u0111en Cicovi\u0107, \u0161ef Predstavni\u0161tva R. Srpske u Srbiji na ceremoniji sve\u010danog otvaranja \u201eHercegova\u010dke ku\u0107e\" src=\"http:\/\/prs2.profimediagroup.com\/wp-content\/uploads\/2023\/11\/secanj_djedovina4.png?_t=1699873394\" alt=\"Mla\u0111en Cicovi\u0107, \u0161ef Predstavni\u0161tva R. Srpske u Srbiji na ceremoniji sve\u010danog otvaranja \u201eHercegova\u010dke ku\u0107e\" width=\"1021\" height=\"795\" srcset=\"https:\/\/predstavnistvorsbg.rs\/wp-content\/uploads\/2023\/11\/secanj_djedovina4.png 1021w, https:\/\/predstavnistvorsbg.rs\/wp-content\/uploads\/2023\/11\/secanj_djedovina4-300x234.png 300w\" sizes=\"(max-width: 1021px) 100vw, 1021px\" \/><\/p>\n<p>\u0160ef Predstavni\u0161tva Republike Srpske u Srbije Mla\u0111en Cicovi\u0107 rekao je na ceremoniji otvaranja \u201eHercegova\u010dke ku\u0107e&#8220; da Hercegovci na pravi na\u010din pokazuju kako se dr\u017ei\u00a0 veza sa zavi\u010dajem i kako se \u010duva kultura, tradicija i obi\u010daji iz zavi\u010daja.<\/p>\n<p>-Razmi\u0161ljao sam \u0161ta uop\u0161te da ka\u017eem onima koji poti\u010du od Hercegovaca, a da oni nisu rekli i da njihovi slavni preci nisu ugradili u temelje srpskog nacionalnog identiteta. \u0160ta re\u0107i vama koji na pravi na\u010din pokazujete kako i na koji na\u010din treba \u010duvati tradiciju, kulturu, obi\u010daje i sve ono \u0161to je ostalo u va\u0161em zavi\u010daju &#8211; rekao je Cicovi\u0107.<\/p>\n<p><img loading=\"lazy\" class=\"alignnone wp-image-7706 size-full\" title=\"\u201eHercegova\u010dka ku\u0107a-\u0111edovina\u201cotvorena je uz bogat kulturno-umjetni\u010dki program\" src=\"http:\/\/prs2.profimediagroup.com\/wp-content\/uploads\/2023\/11\/secanj_djedovina5.png?_t=1699873457\" alt=\"\u201eHercegova\u010dka ku\u0107a-\u0111edovina\u201cotvorena je uz bogat kulturno-umjetni\u010dki program\" width=\"1023\" height=\"1013\" srcset=\"https:\/\/predstavnistvorsbg.rs\/wp-content\/uploads\/2023\/11\/secanj_djedovina5.png 1023w, https:\/\/predstavnistvorsbg.rs\/wp-content\/uploads\/2023\/11\/secanj_djedovina5-300x297.png 300w, https:\/\/predstavnistvorsbg.rs\/wp-content\/uploads\/2023\/11\/secanj_djedovina5-150x150.png 150w\" sizes=\"(max-width: 1023px) 100vw, 1023px\" \/><\/p>\n<p>Prema njegovim rije\u010dima, sve ono \u0161to Hercegovci rade doprinosi ukupnim odnosima Srba sa obje strane rijeke Drine.<\/p>\n<p><img loading=\"lazy\" class=\"alignnone wp-image-7709 size-full\" title=\"\u201eHercegova\u010dka ku\u0107a\u201c - objekat u formi muzeja\" src=\"http:\/\/prs2.profimediagroup.com\/wp-content\/uploads\/2023\/11\/secanj_djedovina6.png?_t=1699873549\" alt=\"\u201eHercegova\u010dka ku\u0107a\u201c - objekat u formi muzeja\" width=\"1021\" height=\"1089\" srcset=\"https:\/\/predstavnistvorsbg.rs\/wp-content\/uploads\/2023\/11\/secanj_djedovina6.png 1021w, https:\/\/predstavnistvorsbg.rs\/wp-content\/uploads\/2023\/11\/secanj_djedovina6-281x300.png 281w, https:\/\/predstavnistvorsbg.rs\/wp-content\/uploads\/2023\/11\/secanj_djedovina6-960x1024.png 960w\" sizes=\"(max-width: 1021px) 100vw, 1021px\" \/><\/p>\n<p>-Samo jedinstveni i sabrani mo\u017eemo da se odupremo isku\u0161enjima i izazovima u kojima se nalazimo &#8211; rekao je Cicovi\u0107 i dodao da odnosi Srpske i Srbije nikada nisu bili bolji.<\/p>\n<p>On je istakao da je srpski narod uvijek znao da po\u0161tuje svoju pro\u0161lost i da vjeruje da \u0107e umijeti da odoli svim isku\u0161enjima.<\/p>\n<p><img loading=\"lazy\" class=\"alignnone wp-image-7712 size-full\" title=\"\u201eHercegova\u010dko sijelo\u201c u hotelu \u201eCrveni cvet\u201c uz prigodnu tradicionalnu ve\u010deru i bogat muzi\u010dki program\" src=\"http:\/\/prs2.profimediagroup.com\/wp-content\/uploads\/2023\/11\/secanj_djedovina7.png?_t=1699873641\" alt=\"\u201eHercegova\u010dko sijelo\u201c u hotelu \u201eCrveni cvet\u201c uz prigodnu tradicionalnu ve\u010deru i bogat muzi\u010dki program\" width=\"1024\" height=\"768\" srcset=\"https:\/\/predstavnistvorsbg.rs\/wp-content\/uploads\/2023\/11\/secanj_djedovina7.png 1024w, https:\/\/predstavnistvorsbg.rs\/wp-content\/uploads\/2023\/11\/secanj_djedovina7-300x225.png 300w\" sizes=\"(max-width: 1024px) 100vw, 1024px\" \/><\/p>\n","protected":false},"excerpt":{"rendered":"<p>U op\u0161tini Se\u010danj, u kojoj su kolonizovani brojni Hercegovci, sino\u0107 je otvorena \u201eHercegova\u010dka ku\u0107a \u2013 \u0111edovina\u201c u kojoj \u0107e posjetioci biti u prilici da pogledaju bogatu istorijsku gra\u0111u o kolonizaciji Hercegovaca u Banat. U \u201eHercegova\u010dkoj ku\u0107i\u201c, koja je u formi muzeja, mo\u0107i \u0107e da se pogledaju predmeti i fotografije porodica koje su naselile Se\u010danj i&#8230;<\/p>\n","protected":false},"author":4,"featured_media":7695,"comment_status":"closed","ping_status":"closed","sticky":false,"template":"","format":"standard","meta":[],"categories":[56],"tags":[77],"_links":{"self":[{"href":"https:\/\/predstavnistvorsbg.rs\/sr-Latn\/wp-json\/wp\/v2\/posts\/7716"}],"collection":[{"href":"https:\/\/predstavnistvorsbg.rs\/sr-Latn\/wp-json\/wp\/v2\/posts"}],"about":[{"href":"https:\/\/predstavnistvorsbg.rs\/sr-Latn\/wp-json\/wp\/v2\/types\/post"}],"author":[{"embeddable":true,"href":"https:\/\/predstavnistvorsbg.rs\/sr-Latn\/wp-json\/wp\/v2\/users\/4"}],"replies":[{"embeddable":true,"href":"https:\/\/predstavnistvorsbg.rs\/sr-Latn\/wp-json\/wp\/v2\/comments?post=7716"}],"version-history":[{"count":0,"href":"https:\/\/predstavnistvorsbg.rs\/sr-Latn\/wp-json\/wp\/v2\/posts\/7716\/revisions"}],"wp:featuredmedia":[{"embeddable":true,"href":"https:\/\/predstavnistvorsbg.rs\/sr-Latn\/wp-json\/wp\/v2\/media\/7695"}],"wp:attachment":[{"href":"https:\/\/predstavnistvorsbg.rs\/sr-Latn\/wp-json\/wp\/v2\/media?parent=7716"}],"wp:term":[{"taxonomy":"category","embeddable":true,"href":"https:\/\/predstavnistvorsbg.rs\/sr-Latn\/wp-json\/wp\/v2\/categories?post=7716"},{"taxonomy":"post_tag","embeddable":true,"href":"https:\/\/predstavnistvorsbg.rs\/sr-Latn\/wp-json\/wp\/v2\/tags?post=7716"}],"curies":[{"name":"wp","href":"https:\/\/api.w.org\/{rel}","templated":true}]}}