{"id":7735,"date":"2023-09-23T12:39:00","date_gmt":"2023-09-23T10:39:00","guid":{"rendered":"http:\/\/prs2.profimediagroup.com\/?p=7735"},"modified":"2023-11-13T14:50:30","modified_gmt":"2023-11-13T13:50:30","slug":"dani-srpske-u-srbiji-u-nedelju-u-somboru","status":"publish","type":"post","link":"https:\/\/predstavnistvorsbg.rs\/sr-Latn\/najava-dogadjaja-sr-latn\/dani-srpske-u-srbiji-u-nedelju-u-somboru\/","title":{"rendered":"\u201eDani Srpske u Srbiji\u201d u nedelju u Somboru"},"content":{"rendered":"<p><strong>U nedelju, 24.09.2023. g.<\/strong>, petog dana jedanaeste manifestacije \u201eDani Srpske u Srbiji\u201c, koju organizuje Predstavni\u0161tvo Republike Srpske u Srbiji, bi\u0107e predstavljen deo bogatog i raznovrsnog programa publici u Somboru.<\/p>\n<p><img loading=\"lazy\" class=\"aligncenter wp-image-7726 size-large\" title=\"Plakat Dani Srpske u Srbiji Etno grupa Trag u Somboru\" src=\"http:\/\/prs2.profimediagroup.com\/wp-content\/uploads\/2023\/11\/24_09_plakat_so_koncert_trag-731x1024.jpg\" alt=\"Plakat Dani Srpske u Srbiji Etno grupa Trag u Somboru\" width=\"731\" height=\"1024\" srcset=\"https:\/\/predstavnistvorsbg.rs\/wp-content\/uploads\/2023\/11\/24_09_plakat_so_koncert_trag-731x1024.jpg 731w, https:\/\/predstavnistvorsbg.rs\/wp-content\/uploads\/2023\/11\/24_09_plakat_so_koncert_trag-214x300.jpg 214w, https:\/\/predstavnistvorsbg.rs\/wp-content\/uploads\/2023\/11\/24_09_plakat_so_koncert_trag.jpg 1004w\" sizes=\"(max-width: 731px) 100vw, 731px\" \/><\/p>\n<p>U Narodnom pozori\u0161tu Sombor u 19.30 \u010dasova odr\u017ea\u0107e se koncert etno grupe \u201eTrag\u201c iz Banje Luke. Vokali: Valentina Mileki\u0107 Kova\u010di\u0107, Vesna Dra\u0161kovi\u0107, Tanja Vran\u010di\u0107 i Hilda Hrekes. Instrumentalisti: Jelena \u0160krbi\u0107 &#8211; violina, Bojan Stijak &#8211; bas gitara, Filip Vukeli\u0107 &#8211; klavijature, Boban Ad\u017ei\u0107 &#8211; gitara, vokal, Milan Kosi\u0107 \u2013 perkusije i Goran Piva\u0161evi\u0107 &#8211; frule, gajde, kaval, vokal.<\/p>\n<p>Pre toga, u 17 \u010dasova delegaciju Republike Srpske koju \u010dine Nemanja Kova\u010devi\u0107, pomo\u0107nik ministra za evropske integracije i me\u0111unarodnu saradnju Republike Srpske, Goran Vu\u010di\u0107 \u0161ef kabineta ministra i Borislav Maksimovi\u0107, savjetnik u Predstavni\u0161tvu Republike Srpske u Srbiji primi\u0107e Antonio Ratkovi\u0107, gradona\u010delnik Sombora.<\/p>\n<p>Pozivamo gra\u0111ane Srbije i Republike Srpske da do\u0111u i prisustvuju programu u Somboru, ulaz je slobodan.<\/p>\n<p>Programi jedanaeste manifestacije \u201eDani Srpske u Srbiji\u201c, nastavljaju se u ponedeljak u \u010ca\u010dku i Bajinoj Ba\u0161ti, a u utorak u Ni\u0161u.<\/p>\n","protected":false},"excerpt":{"rendered":"<p>U nedelju, 24.09.2023. g., petog dana jedanaeste manifestacije \u201eDani Srpske u Srbiji\u201c, koju organizuje Predstavni\u0161tvo Republike Srpske u Srbiji, bi\u0107e predstavljen deo bogatog i raznovrsnog programa publici u Somboru. U Narodnom pozori\u0161tu Sombor u 19.30 \u010dasova odr\u017ea\u0107e se koncert etno grupe \u201eTrag\u201c iz Banje Luke. Vokali: Valentina Mileki\u0107 Kova\u010di\u0107, Vesna Dra\u0161kovi\u0107, Tanja Vran\u010di\u0107 i Hilda&#8230;<\/p>\n","protected":false},"author":7,"featured_media":0,"comment_status":"closed","ping_status":"closed","sticky":false,"template":"","format":"standard","meta":[],"categories":[57],"tags":[77],"_links":{"self":[{"href":"https:\/\/predstavnistvorsbg.rs\/sr-Latn\/wp-json\/wp\/v2\/posts\/7735"}],"collection":[{"href":"https:\/\/predstavnistvorsbg.rs\/sr-Latn\/wp-json\/wp\/v2\/posts"}],"about":[{"href":"https:\/\/predstavnistvorsbg.rs\/sr-Latn\/wp-json\/wp\/v2\/types\/post"}],"author":[{"embeddable":true,"href":"https:\/\/predstavnistvorsbg.rs\/sr-Latn\/wp-json\/wp\/v2\/users\/7"}],"replies":[{"embeddable":true,"href":"https:\/\/predstavnistvorsbg.rs\/sr-Latn\/wp-json\/wp\/v2\/comments?post=7735"}],"version-history":[{"count":0,"href":"https:\/\/predstavnistvorsbg.rs\/sr-Latn\/wp-json\/wp\/v2\/posts\/7735\/revisions"}],"wp:attachment":[{"href":"https:\/\/predstavnistvorsbg.rs\/sr-Latn\/wp-json\/wp\/v2\/media?parent=7735"}],"wp:term":[{"taxonomy":"category","embeddable":true,"href":"https:\/\/predstavnistvorsbg.rs\/sr-Latn\/wp-json\/wp\/v2\/categories?post=7735"},{"taxonomy":"post_tag","embeddable":true,"href":"https:\/\/predstavnistvorsbg.rs\/sr-Latn\/wp-json\/wp\/v2\/tags?post=7735"}],"curies":[{"name":"wp","href":"https:\/\/api.w.org\/{rel}","templated":true}]}}