{"id":7937,"date":"2023-07-05T14:33:05","date_gmt":"2023-07-05T12:33:05","guid":{"rendered":"http:\/\/prs2.profimediagroup.com\/?p=7937"},"modified":"2023-11-13T14:47:28","modified_gmt":"2023-11-13T13:47:28","slug":"srebrenica-kao-tema-za-istoriografiju","status":"publish","type":"post","link":"https:\/\/predstavnistvorsbg.rs\/sr-Latn\/najava-dogadjaja-sr-latn\/srebrenica-kao-tema-za-istoriografiju\/","title":{"rendered":"Srebrenica kao tema za istoriografiju"},"content":{"rendered":"<div>U \u010detvrtak, 6. jula 2023. godine, u 12 \u010dasova u Pres centru Udru\u017eenja novinara Srbije (Knez Mihailova 6\/3, Beograd), odr\u017ea\u0107e se\u00a0okrugli sto na temu \u201eSrebrenica kao tema za istoriografiju\u201c, u organizaciji Instituta za savremenu istoriju iz Beograda i Udru\u017eenja \u201eMost\u201c iz Srebrenice.<\/div>\n<p>&nbsp;<\/p>\n<p><img loading=\"lazy\" class=\"aligncenter wp-image-7932 size-full\" title=\"Srebrenica kao tema za istoriografiju\" src=\"http:\/\/prs2.profimediagroup.com\/wp-content\/uploads\/2023\/11\/okrugli_sto_o_srebrenici.jpg?_t=1699882476\" alt=\"Srebrenica kao tema za istoriografiju\" width=\"1000\" height=\"563\" srcset=\"https:\/\/predstavnistvorsbg.rs\/wp-content\/uploads\/2023\/11\/okrugli_sto_o_srebrenici.jpg 1000w, https:\/\/predstavnistvorsbg.rs\/wp-content\/uploads\/2023\/11\/okrugli_sto_o_srebrenici-300x169.jpg 300w\" sizes=\"(max-width: 1000px) 100vw, 1000px\" \/><\/p>\n<p>&nbsp;<\/p>\n<p>U\u010desnici okruglog stola bi\u0107e Predrag J. Markovi\u0107, direktor Instituta za savremenu istoriju, Veljko \u0110uri\u0107 Mi\u0161ina, Bojan Dimitrijevi\u0107, Miroslav Ljubojevi\u0107, Mihajlo Vu\u010di\u0107 i Radomir Pavlovi\u0107.<\/p>\n<p>Jedna od upori\u0161nih ta\u010daka politike pojedinih dr\u017eava, prvenstveno SAD i Velike Britanije, protiv Srba predstavlja ratni zlo\u010din po\u010dinjen jula 1995. godine u Podrinju, koji se pogre\u0161no ve\u017ee isklju\u010divo za Srebrenicu. Taj doga\u0111aj je vi\u0161eslojan i kompleksan i zaslu\u017euje neprestano anga\u017eovanje u rasvjetljavanju.<\/p>\n<p>Mada je te\u0161ko prodreti u globalno informativno carstvo, koje je poznato po totalnoj pristrasnosti i svrstanosti uz jednu stranu u ratu u Bosni i Hercegovini, ne treba gubiti nadu i stati sa naporima u poku\u0161ajima davanja druge slike o stradanju srpskog naroda na tim prostorima.<\/p>\n<p>U\u010desnici okruglog stola \u0107e poku\u0161ati da daju svoj doprinos u rasvjetljavanju istine o stradanju stanovni\u0161tva u Podrinju.<\/p>\n","protected":false},"excerpt":{"rendered":"<p>U \u010detvrtak, 6. jula 2023. godine, u 12 \u010dasova u Pres centru Udru\u017eenja novinara Srbije (Knez Mihailova 6\/3, Beograd), odr\u017ea\u0107e se\u00a0okrugli sto na temu \u201eSrebrenica kao tema za istoriografiju\u201c, u organizaciji Instituta za savremenu istoriju iz Beograda i Udru\u017eenja \u201eMost\u201c iz Srebrenice. &nbsp; &nbsp; U\u010desnici okruglog stola bi\u0107e Predrag J. Markovi\u0107, direktor Instituta za savremenu&#8230;<\/p>\n","protected":false},"author":7,"featured_media":0,"comment_status":"closed","ping_status":"closed","sticky":false,"template":"","format":"standard","meta":[],"categories":[57],"tags":[77],"_links":{"self":[{"href":"https:\/\/predstavnistvorsbg.rs\/sr-Latn\/wp-json\/wp\/v2\/posts\/7937"}],"collection":[{"href":"https:\/\/predstavnistvorsbg.rs\/sr-Latn\/wp-json\/wp\/v2\/posts"}],"about":[{"href":"https:\/\/predstavnistvorsbg.rs\/sr-Latn\/wp-json\/wp\/v2\/types\/post"}],"author":[{"embeddable":true,"href":"https:\/\/predstavnistvorsbg.rs\/sr-Latn\/wp-json\/wp\/v2\/users\/7"}],"replies":[{"embeddable":true,"href":"https:\/\/predstavnistvorsbg.rs\/sr-Latn\/wp-json\/wp\/v2\/comments?post=7937"}],"version-history":[{"count":0,"href":"https:\/\/predstavnistvorsbg.rs\/sr-Latn\/wp-json\/wp\/v2\/posts\/7937\/revisions"}],"wp:attachment":[{"href":"https:\/\/predstavnistvorsbg.rs\/sr-Latn\/wp-json\/wp\/v2\/media?parent=7937"}],"wp:term":[{"taxonomy":"category","embeddable":true,"href":"https:\/\/predstavnistvorsbg.rs\/sr-Latn\/wp-json\/wp\/v2\/categories?post=7937"},{"taxonomy":"post_tag","embeddable":true,"href":"https:\/\/predstavnistvorsbg.rs\/sr-Latn\/wp-json\/wp\/v2\/tags?post=7937"}],"curies":[{"name":"wp","href":"https:\/\/api.w.org\/{rel}","templated":true}]}}