{"id":7956,"date":"2023-09-15T14:39:59","date_gmt":"2023-09-15T12:39:59","guid":{"rendered":"http:\/\/prs2.profimediagroup.com\/?p=7956"},"modified":"2023-11-13T14:41:17","modified_gmt":"2023-11-13T13:41:17","slug":"predstavnistvo-republike-srpske-u-srbiji-slavi-dan-srpskog-jedinstva-nacionalne-zastave-i-slobode","status":"publish","type":"post","link":"https:\/\/predstavnistvorsbg.rs\/sr-Latn\/prethodni-dogadjaji-sr-latn\/predstavnistvo-republike-srpske-u-srbiji-slavi-dan-srpskog-jedinstva-nacionalne-zastave-i-slobode\/","title":{"rendered":"Predstavni\u0161tvo Republike Srpske u Srbiji slavi Dan srpskog jedinstva, nacionalne zastave i slobode"},"content":{"rendered":"<p>Predstavni\u0161tvo Republike Srpske u Srbiji pozdravlja i slavi Dan srpskog jedinstva, nacionalne zastave i slobode, kao jo\u0161 jedan izraz srpske sabornosti, odli\u010dne saradnje<\/p>\n<p><img loading=\"lazy\" class=\"alignnone wp-image-7951 size-full\" title=\"Predstavni\u0161tvo Republike Srpske u Srbiji\" src=\"http:\/\/prs2.profimediagroup.com\/wp-content\/uploads\/2023\/11\/dan_srbije2.jpg?_t=1699882736\" alt=\"Predstavni\u0161tvo Republike Srpske u Srbiji\" width=\"600\" height=\"338\" srcset=\"https:\/\/predstavnistvorsbg.rs\/wp-content\/uploads\/2023\/11\/dan_srbije2.jpg 600w, https:\/\/predstavnistvorsbg.rs\/wp-content\/uploads\/2023\/11\/dan_srbije2-300x169.jpg 300w\" sizes=\"(max-width: 600px) 100vw, 600px\" \/><\/p>\n<p>Srpske i Srbije i zajedni\u010dkog nastojanja na o\u010duvanju na\u0161eg nacionalnog identiteta, jezika i pisma, vere i tradicije.<\/p>\n","protected":false},"excerpt":{"rendered":"<p>Predstavni\u0161tvo Republike Srpske u Srbiji pozdravlja i slavi Dan srpskog jedinstva, nacionalne zastave i slobode, kao jo\u0161 jedan izraz srpske sabornosti, odli\u010dne saradnje Srpske i Srbije i zajedni\u010dkog nastojanja na o\u010duvanju na\u0161eg nacionalnog identiteta, jezika i pisma, vere i tradicije.<\/p>\n","protected":false},"author":5,"featured_media":7950,"comment_status":"closed","ping_status":"closed","sticky":false,"template":"","format":"standard","meta":[],"categories":[56],"tags":[77],"_links":{"self":[{"href":"https:\/\/predstavnistvorsbg.rs\/sr-Latn\/wp-json\/wp\/v2\/posts\/7956"}],"collection":[{"href":"https:\/\/predstavnistvorsbg.rs\/sr-Latn\/wp-json\/wp\/v2\/posts"}],"about":[{"href":"https:\/\/predstavnistvorsbg.rs\/sr-Latn\/wp-json\/wp\/v2\/types\/post"}],"author":[{"embeddable":true,"href":"https:\/\/predstavnistvorsbg.rs\/sr-Latn\/wp-json\/wp\/v2\/users\/5"}],"replies":[{"embeddable":true,"href":"https:\/\/predstavnistvorsbg.rs\/sr-Latn\/wp-json\/wp\/v2\/comments?post=7956"}],"version-history":[{"count":0,"href":"https:\/\/predstavnistvorsbg.rs\/sr-Latn\/wp-json\/wp\/v2\/posts\/7956\/revisions"}],"wp:featuredmedia":[{"embeddable":true,"href":"https:\/\/predstavnistvorsbg.rs\/sr-Latn\/wp-json\/wp\/v2\/media\/7950"}],"wp:attachment":[{"href":"https:\/\/predstavnistvorsbg.rs\/sr-Latn\/wp-json\/wp\/v2\/media?parent=7956"}],"wp:term":[{"taxonomy":"category","embeddable":true,"href":"https:\/\/predstavnistvorsbg.rs\/sr-Latn\/wp-json\/wp\/v2\/categories?post=7956"},{"taxonomy":"post_tag","embeddable":true,"href":"https:\/\/predstavnistvorsbg.rs\/sr-Latn\/wp-json\/wp\/v2\/tags?post=7956"}],"curies":[{"name":"wp","href":"https:\/\/api.w.org\/{rel}","templated":true}]}}