{"id":8119,"date":"2023-04-28T15:24:37","date_gmt":"2023-04-28T13:24:37","guid":{"rendered":"http:\/\/prs2.profimediagroup.com\/?p=8119"},"modified":"2023-11-13T15:28:05","modified_gmt":"2023-11-13T14:28:05","slug":"hilandar-kao-nadahnuce","status":"publish","type":"post","link":"https:\/\/predstavnistvorsbg.rs\/sr-Latn\/prethodni-dogadjaji-sr-latn\/hilandar-kao-nadahnuce\/","title":{"rendered":"Hilandar kao nadahnu\u0107e"},"content":{"rendered":"<p>\u041aoncert \u201eHilandar kao nadahnu\u0107e\u201d, nakon Banja Luke, u \u010detvrtak 27.04.2023. godine u Velikoj dvorani \u041aolar\u010deve zadu\u017ebine izveli su zdru\u017eeni simfonijski orkestri RTS-a i Akademije umetnosti Univerziteta iz Banjaluke, sa solistom na klaviru Aleksandrom Sin\u010dukom i pod dirigentskom palicom Dejana Savi\u0107a i Branke Rado\u0161evi\u0107 Mitrovi\u0107.<\/p>\n<p><img loading=\"lazy\" class=\"alignnone wp-image-8081 size-full\" title=\"Na premijeri sve\u010dane poeme \u201eHilendar\u201d Vladimira S. Milo\u0161evi\u0107a i koncert za klavir i orkestar \u201eNo\u0107 u Hilandaru\u201d Svetislava Bo\u017ei\u0107a\" src=\"http:\/\/prs2.profimediagroup.com\/wp-content\/uploads\/2023\/11\/hilandar_kao_nadahnuce2.png?_t=1699884642\" alt=\"Na premijeri sve\u010dane poeme \u201eHilendar\u201d Vladimira S. Milo\u0161evi\u0107a i koncert za klavir i orkestar \u201eNo\u0107 u Hilandaru\u201d Svetislava Bo\u017ei\u0107a\" width=\"1024\" height=\"683\" srcset=\"https:\/\/predstavnistvorsbg.rs\/wp-content\/uploads\/2023\/11\/hilandar_kao_nadahnuce2.png 1024w, https:\/\/predstavnistvorsbg.rs\/wp-content\/uploads\/2023\/11\/hilandar_kao_nadahnuce2-300x200.png 300w\" sizes=\"(max-width: 1024px) 100vw, 1024px\" \/><\/p>\n<div>Publika je mogla da \u010duje svetsku premijeru sve\u010dane poeme \u201eHilendar\u201d Vladimira S. Milo\u0161evi\u0107a i koncert za klavir i orkestar \u201eNo\u0107 u Hilandaru\u201d Svetislava Bo\u017ei\u0107a.<\/div>\n<p><img loading=\"lazy\" class=\"alignnone wp-image-8084 size-full\" title=\"Episkop \u0161aba\u010dki gospodin Jerotej u ime Njagove Svetosti patrijarha Porfirija\" src=\"http:\/\/prs2.profimediagroup.com\/wp-content\/uploads\/2023\/11\/hilandar_kao_nadahnuce3.png?_t=1699884697\" alt=\"Episkop \u0161aba\u010dki gospodin Jerotej u ime Njagove Svetosti patrijarha Porfirija\" width=\"1024\" height=\"683\" srcset=\"https:\/\/predstavnistvorsbg.rs\/wp-content\/uploads\/2023\/11\/hilandar_kao_nadahnuce3.png 1024w, https:\/\/predstavnistvorsbg.rs\/wp-content\/uploads\/2023\/11\/hilandar_kao_nadahnuce3-300x200.png 300w\" sizes=\"(max-width: 1024px) 100vw, 1024px\" \/><\/p>\n<p>Povodom premijernog izvo\u0111enja<em> Simfonijske poeme o Hilendaru<\/em>, okupljenima u \u041aolar\u010devoj zadu\u017ebini obratili su se episkop \u0161aba\u010dki gospodin Jerotej u ime Njagove Svetosti patrijarha Porfirija i arhimandrit Metodije, iguman svete carske lavre Hilandara.<\/p>\n<p><img loading=\"lazy\" class=\"alignnone wp-image-8092 size-full\" title=\"Arhimandrit Metodije, iguman svete carske lavre Hilandara\" src=\"http:\/\/prs2.profimediagroup.com\/wp-content\/uploads\/2023\/11\/hilandar_kao_nadahnuce4.png?_t=1699884957\" alt=\"Arhimandrit Metodije, iguman svete carske lavre Hilandara\" width=\"1024\" height=\"768\" srcset=\"https:\/\/predstavnistvorsbg.rs\/wp-content\/uploads\/2023\/11\/hilandar_kao_nadahnuce4.png 1024w, https:\/\/predstavnistvorsbg.rs\/wp-content\/uploads\/2023\/11\/hilandar_kao_nadahnuce4-300x225.png 300w\" sizes=\"(max-width: 1024px) 100vw, 1024px\" \/><\/p>\n<p>HILANDAR \u041aAO NADAHNU\u0106E predstavlja poduhvat jedinstvenog karaktera i sadr\u017eaja kako u Republici Srpskoj tako i u Republici Srbiji. Neposredni povod za pokretanje prvog projekta je nedavno objavljena partitura \u201eHilendar\u201c sve\u010dana poema za simfonijski orkestar Vlade S. Milo\u0161evi\u0107a koju je priredio prof. dr Sa\u0161a Pavlovi\u0107. Ideja da se partitura koja je \u201ele\u017eala u pau\u010dini\u201c i zvu\u010dno obelodani potekla je od Visokoprepodobnog arhimandrita Metodija, igumana manastira Hilandara. Dodatni razlog da se ovo muzi\u010dko delo premijerno izvede u 2023. godini je 825 godina od osnivanja manastira Hilandara, 50 godina od nastanka partiture Hilendar i 25 godina od osnivanja Akademije umjetnosti Univerziteta u Banjoj Luci.<\/p>\n<p><img loading=\"lazy\" class=\"alignnone wp-image-8095 size-full\" title=\"Mla\u0111en Cicovi\u0107, \u0161ef Predstavni\u0161tava R. Srpske u Srbiji sa suprugom je prisustvovao koncertu \u201eHilandar kao nadahnu\u0107e\u201d, u velikoj dvorani \u041aolar\u010deve zadu\u017ebine\" src=\"http:\/\/prs2.profimediagroup.com\/wp-content\/uploads\/2023\/11\/hilandar_kao_nadahnuce5.png?_t=1699885018\" alt=\"Mla\u0111en Cicovi\u0107, \u0161ef Predstavni\u0161tava R. Srpske u Srbiji sa suprugom je prisustvovao koncertu \u201eHilandar kao nadahnu\u0107e\u201d, u velikoj dvorani \u041aolar\u010deve zadu\u017ebine\" width=\"1024\" height=\"683\" srcset=\"https:\/\/predstavnistvorsbg.rs\/wp-content\/uploads\/2023\/11\/hilandar_kao_nadahnuce5.png 1024w, https:\/\/predstavnistvorsbg.rs\/wp-content\/uploads\/2023\/11\/hilandar_kao_nadahnuce5-300x200.png 300w\" sizes=\"(max-width: 1024px) 100vw, 1024px\" \/><\/p>\n<p>U \u010dast kompozitoru koji je komponovao simfonijsku poemu Hilendar, odlu\u010deno je da se prvi projekat novog poduhvata \u201eHilandar kao nadahnu\u0107e\u201c izvedu prvo u Banja Luci u okviru manifestacije \u201eDani Vlade S. Milo\u0161evi\u0107a\u201c.\u00a0Manifestacija je realizovana u organizaciji Akademije umjetnosti Univerziteta u Banjaluci i Muzikolo\u0161kog dru\u0161tva Republike Srpske, pod pokroviteljstvo predsednika Srbije i predsednika Republike Srpske. Gostovanje akademskog hora \u041aolegijum muzikum iz Beograda na sve\u010danom otvaranju manifestacije desilo se uz pomo\u0107 Predstavni\u0161tva Republike Srpske u Srbiji, a Mla\u0111en Cicovi\u0107, \u0161ef Predstavni\u0161tava prisustvovao je na beogradskom koncertu u velikoj dvorani \u041aolar\u010deve zadu\u017ebine.<\/p>\n","protected":false},"excerpt":{"rendered":"<p>\u041aoncert \u201eHilandar kao nadahnu\u0107e\u201d, nakon Banja Luke, u \u010detvrtak 27.04.2023. godine u Velikoj dvorani \u041aolar\u010deve zadu\u017ebine izveli su zdru\u017eeni simfonijski orkestri RTS-a i Akademije umetnosti Univerziteta iz Banjaluke, sa solistom na klaviru Aleksandrom Sin\u010dukom i pod dirigentskom palicom Dejana Savi\u0107a i Branke Rado\u0161evi\u0107 Mitrovi\u0107. Publika je mogla da \u010duje svetsku premijeru sve\u010dane poeme \u201eHilendar\u201d Vladimira&#8230;<\/p>\n","protected":false},"author":4,"featured_media":8079,"comment_status":"closed","ping_status":"closed","sticky":false,"template":"","format":"standard","meta":[],"categories":[56],"tags":[77],"_links":{"self":[{"href":"https:\/\/predstavnistvorsbg.rs\/sr-Latn\/wp-json\/wp\/v2\/posts\/8119"}],"collection":[{"href":"https:\/\/predstavnistvorsbg.rs\/sr-Latn\/wp-json\/wp\/v2\/posts"}],"about":[{"href":"https:\/\/predstavnistvorsbg.rs\/sr-Latn\/wp-json\/wp\/v2\/types\/post"}],"author":[{"embeddable":true,"href":"https:\/\/predstavnistvorsbg.rs\/sr-Latn\/wp-json\/wp\/v2\/users\/4"}],"replies":[{"embeddable":true,"href":"https:\/\/predstavnistvorsbg.rs\/sr-Latn\/wp-json\/wp\/v2\/comments?post=8119"}],"version-history":[{"count":0,"href":"https:\/\/predstavnistvorsbg.rs\/sr-Latn\/wp-json\/wp\/v2\/posts\/8119\/revisions"}],"wp:featuredmedia":[{"embeddable":true,"href":"https:\/\/predstavnistvorsbg.rs\/sr-Latn\/wp-json\/wp\/v2\/media\/8079"}],"wp:attachment":[{"href":"https:\/\/predstavnistvorsbg.rs\/sr-Latn\/wp-json\/wp\/v2\/media?parent=8119"}],"wp:term":[{"taxonomy":"category","embeddable":true,"href":"https:\/\/predstavnistvorsbg.rs\/sr-Latn\/wp-json\/wp\/v2\/categories?post=8119"},{"taxonomy":"post_tag","embeddable":true,"href":"https:\/\/predstavnistvorsbg.rs\/sr-Latn\/wp-json\/wp\/v2\/tags?post=8119"}],"curies":[{"name":"wp","href":"https:\/\/api.w.org\/{rel}","templated":true}]}}