{"id":8136,"date":"2023-06-04T15:30:29","date_gmt":"2023-06-04T13:30:29","guid":{"rendered":"http:\/\/prs2.profimediagroup.com\/?p=8136"},"modified":"2023-11-13T15:31:40","modified_gmt":"2023-11-13T14:31:40","slug":"ekspresivni-art-kamp-djeca-sunca-u-predstavnistvu-republike-srpske-u-srbiji","status":"publish","type":"post","link":"https:\/\/predstavnistvorsbg.rs\/sr-Latn\/najava-dogadjaja-sr-latn\/ekspresivni-art-kamp-djeca-sunca-u-predstavnistvu-republike-srpske-u-srbiji\/","title":{"rendered":"Ekspresivni art kamp \u201eDjeca sunca\u201c u Predstavni\u0161tvu Republike Srpske u Srbiji"},"content":{"rendered":"<p>\u201eDaun sindrom centar Banja Luka\u201c, uz podr\u0161ku Predstavni\u0161tva Republike Srpske u Srbiji, organizuje Ekspresivni art kamp \u201eDjeca sunca\u201c Republike Srpske i Srbije koji \u0107e se odr\u017eati\u00a0od 5. do 9. juna u\u00a0Vili Republike Srpske u Beogradu (U\u017ei\u010dka 5).<\/p>\n<p>Tokom kampa, u saradnji sa dramskim umjetnicima bi\u0107e odr\u017eane\u00a0dram terapije, kao i muziko terapije,\u00a0terapije plesom i\u00a0likovne terapije u \u010dijem radu \u0107e u\u010destvovati osobe sa Daunovim sindromom iz Banje Luke i Beograda.<\/p>\n<p>Predvi\u0111eni su susreti i radni sastanci sa nadle\u017enim institucijama u Srbiji koje brinu o osobama sa smetnjama u razvoju, posjeta glumaca, muzi\u010dara, stru\u010dnjaka iz oblasti socijalne rehabilitacije, kao i organizacija koje brinu o populaciji sa Daunovim sindromom u Srbiji.<\/p>\n","protected":false},"excerpt":{"rendered":"<p>\u201eDaun sindrom centar Banja Luka\u201c, uz podr\u0161ku Predstavni\u0161tva Republike Srpske u Srbiji, organizuje Ekspresivni art kamp \u201eDjeca sunca\u201c Republike Srpske i Srbije koji \u0107e se odr\u017eati\u00a0od 5. do 9. juna u\u00a0Vili Republike Srpske u Beogradu (U\u017ei\u010dka 5). Tokom kampa, u saradnji sa dramskim umjetnicima bi\u0107e odr\u017eane\u00a0dram terapije, kao i muziko terapije,\u00a0terapije plesom i\u00a0likovne terapije u&#8230;<\/p>\n","protected":false},"author":7,"featured_media":0,"comment_status":"closed","ping_status":"closed","sticky":false,"template":"","format":"standard","meta":[],"categories":[57],"tags":[77],"_links":{"self":[{"href":"https:\/\/predstavnistvorsbg.rs\/sr-Latn\/wp-json\/wp\/v2\/posts\/8136"}],"collection":[{"href":"https:\/\/predstavnistvorsbg.rs\/sr-Latn\/wp-json\/wp\/v2\/posts"}],"about":[{"href":"https:\/\/predstavnistvorsbg.rs\/sr-Latn\/wp-json\/wp\/v2\/types\/post"}],"author":[{"embeddable":true,"href":"https:\/\/predstavnistvorsbg.rs\/sr-Latn\/wp-json\/wp\/v2\/users\/7"}],"replies":[{"embeddable":true,"href":"https:\/\/predstavnistvorsbg.rs\/sr-Latn\/wp-json\/wp\/v2\/comments?post=8136"}],"version-history":[{"count":0,"href":"https:\/\/predstavnistvorsbg.rs\/sr-Latn\/wp-json\/wp\/v2\/posts\/8136\/revisions"}],"wp:attachment":[{"href":"https:\/\/predstavnistvorsbg.rs\/sr-Latn\/wp-json\/wp\/v2\/media?parent=8136"}],"wp:term":[{"taxonomy":"category","embeddable":true,"href":"https:\/\/predstavnistvorsbg.rs\/sr-Latn\/wp-json\/wp\/v2\/categories?post=8136"},{"taxonomy":"post_tag","embeddable":true,"href":"https:\/\/predstavnistvorsbg.rs\/sr-Latn\/wp-json\/wp\/v2\/tags?post=8136"}],"curies":[{"name":"wp","href":"https:\/\/api.w.org\/{rel}","templated":true}]}}