{"id":8215,"date":"2023-08-15T10:14:18","date_gmt":"2023-08-15T08:14:18","guid":{"rendered":"http:\/\/prs2.profimediagroup.com\/?p=8215"},"modified":"2023-11-14T10:15:40","modified_gmt":"2023-11-14T09:15:40","slug":"u-uzicu-otvoren-medjunarodni-djeciji-festival-folklora-licidersko-srce","status":"publish","type":"post","link":"https:\/\/predstavnistvorsbg.rs\/sr-Latn\/prethodni-dogadjaji-sr-latn\/u-uzicu-otvoren-medjunarodni-djeciji-festival-folklora-licidersko-srce\/","title":{"rendered":"U U\u017eicu otvoren me\u0111unarodni dje\u010diji festival folklora &#8222;Licidersko srce&#8220;"},"content":{"rendered":"<p>Me\u0111unarodni dje\u010diji festival folklora &#8222;Licidersko srce&#8220; na kojem \u0107e se predstaviti i folklorni ansambli &#8222;Piskavica&#8220; iz Banjaluke, &#8222;Fo\u010da&#8220;, te &#8222;Srpski soko&#8220; i &#8222;Bikavac&#8220; iz Vi\u0161egrada sve\u010dano je otvoren ve\u010deras u U\u017eicu.<\/p>\n<p><img loading=\"lazy\" class=\"alignnone wp-image-8196 size-full\" title=\"Sve\u010danom otvaranju festivala prisustvovao je veliki broj gostiju\" src=\"http:\/\/prs2.profimediagroup.com\/wp-content\/uploads\/2023\/11\/otvoren_fest_lsrce2.png?_t=1699952941\" alt=\"Sve\u010danom otvaranju festivala prisustvovao je veliki broj gostiju\" width=\"1024\" height=\"554\" srcset=\"https:\/\/predstavnistvorsbg.rs\/wp-content\/uploads\/2023\/11\/otvoren_fest_lsrce2.png 1024w, https:\/\/predstavnistvorsbg.rs\/wp-content\/uploads\/2023\/11\/otvoren_fest_lsrce2-300x162.png 300w\" sizes=\"(max-width: 1024px) 100vw, 1024px\" \/><\/p>\n<p>Gradona\u010delnik U\u017eica Jelena Rakovi\u0107 Radivojevi\u0107 izjavila je da je lijep osje\u0107aj biti me\u0111u mladima i da je samo ime festivala koji ove godine okuplja oko 1.200 u\u010desnika iz 15 zemalja, sa \u010detiri kontinenta poziv na \u0161irenje prijateljstva i ljubavi me\u0111u ljudima.<\/p>\n<p><img loading=\"lazy\" class=\"alignnone wp-image-8199 size-full\" title=\"Gradona\u010delnik U\u017eica Jelena Rakovi\u0107 Radivojevi\u0107 u \u0161etnji sa gostima me\u0111unarodnog dje\u010dijeg festivala folklora \" src=\"http:\/\/prs2.profimediagroup.com\/wp-content\/uploads\/2023\/11\/otvoren_fest_lsrce3.png?_t=1699952977\" alt=\"Gradona\u010delnik U\u017eica Jelena Rakovi\u0107 Radivojevi\u0107 u \u0161etnji sa gostima me\u0111unarodnog dje\u010dijeg festivala folklora \" width=\"1024\" height=\"576\" srcset=\"https:\/\/predstavnistvorsbg.rs\/wp-content\/uploads\/2023\/11\/otvoren_fest_lsrce3.png 1024w, https:\/\/predstavnistvorsbg.rs\/wp-content\/uploads\/2023\/11\/otvoren_fest_lsrce3-300x169.png 300w\" sizes=\"(max-width: 1024px) 100vw, 1024px\" \/><\/p>\n<p>&#8211; Folklor je vi\u0161e od igre, jer nam na poseban na\u010din govori o pro\u0161losti, o obi\u010dajima na\u0161ih predaka, o tome kako su \u017eiveli i stvarali autenti\u010dne kulturne vrijednosti. Va\u017eno je da od zaborava sa\u010duvamo ono \u0161to nam je u naslje\u0111e ostavljeno i da se potrudimo da nas igra uvijek spaja &#8211; rekla je Radivojevi\u0107eva na ceremoniji otvaranja.<\/p>\n<p>Prema njenim rije\u010dima, privilegija je za U\u017ei\u010dane, ali i za publiku na Zlatiboru i u Vi\u0161egradu, \u0161to \u0107e biti u prilici da u\u017eiva u raznovrsnom i bogatom programu koji su pripremili organizatori i idejni tvorci &#8222;Liciderskog srca&#8220; &#8211; Udru\u017eenje gra\u0111ana &#8222;Era&#8220;.<\/p>\n<p>&#8211; Dobrodo\u0161li u U\u017eice, dobro do\u0161li na festival &#8222;Licidersko srce&#8220;! Pjevajte, igrajte i u\u010dinite ovaj grad najradosnijim i naj\u0161arenijim gradom ove ve\u010deri na planeti &#8211; rekla je Radivojevi\u0107eva.<\/p>\n<p><img loading=\"lazy\" class=\"alignnone wp-image-8202 size-full\" title=\"Sve\u010dani defile ulicama U\u017eica\" src=\"http:\/\/prs2.profimediagroup.com\/wp-content\/uploads\/2023\/11\/otvoren_fest_lsrce4.png?_t=1699953033\" alt=\"Sve\u010dani defile ulicama U\u017eica\" width=\"1024\" height=\"682\" srcset=\"https:\/\/predstavnistvorsbg.rs\/wp-content\/uploads\/2023\/11\/otvoren_fest_lsrce4.png 1024w, https:\/\/predstavnistvorsbg.rs\/wp-content\/uploads\/2023\/11\/otvoren_fest_lsrce4-300x200.png 300w\" sizes=\"(max-width: 1024px) 100vw, 1024px\" \/><\/p>\n<p>U ime organizatora, Udru\u017eenja gra\u0111ana &#8222;Era&#8220; prisutnim je dobrodo\u0161licu po\u017eeljela Ivana Cvetkovi\u0107 naglasiv\u0161i da je uvijek &#8222;ve\u0107a radost dati nego uzeti, da je ljep\u0161e do\u010dekati, nego ispratiti, a da je sre\u0107a ve\u0107a kada se podeli&#8220;.<\/p>\n<p>&#8211; Vjerujemo da je sre\u0107a u dru\u017eenju, veli\u010dina u \u010duvanju svoga, ali i poznavanju i po\u0161tovanju druga\u010dijeg. Radost je u de\u010djem osmjehu, a snaga u kolu i zajedni\u0161tvu. Hvala svima koji ste uz festival ovih 15 godina! Pozdravi\u0107u vas sloganom &#8222;Zagrli tradiciju &#8211; osjeti srce!&#8220; &#8211; poru\u010dila je Cvetkovi\u0107eva.<\/p>\n<p><img loading=\"lazy\" class=\"alignnone wp-image-8205 size-full\" title=\"Na festivalu u\u010destvuje oko 1200 dece iz 15 zemalja\" src=\"http:\/\/prs2.profimediagroup.com\/wp-content\/uploads\/2023\/11\/otvoren_fest_lsrce5.png?_t=1699953077\" alt=\"Na festivalu u\u010destvuje oko 1200 dece iz 15 zemalja\" width=\"1024\" height=\"670\" srcset=\"https:\/\/predstavnistvorsbg.rs\/wp-content\/uploads\/2023\/11\/otvoren_fest_lsrce5.png 1024w, https:\/\/predstavnistvorsbg.rs\/wp-content\/uploads\/2023\/11\/otvoren_fest_lsrce5-300x196.png 300w\" sizes=\"(max-width: 1024px) 100vw, 1024px\" \/><\/p>\n<p>Manifestacija &#8222;Licidersko srce&#8220; traja\u0107e do subote, 19. avgusta, u U\u017eicu, Vi\u0161egradu i na Zlatiboru.<\/p>\n<p>Sve\u010danom otvaranju festivala prethodio je sve\u010dani defile ulicama U\u017eica.<\/p>\n<p><img loading=\"lazy\" class=\"alignnone wp-image-8208 size-full\" title=\"Manifestaciju organizuje u\u017ei\u010dko Udru\u017eenje Era u saradnji sa Predstavni\u0161tvom R. Srpske u Srbiji, gradovima U\u017eicem i Vi\u0161egradom, te Turisti\u010dkom organizacijom Zlatibora\" src=\"http:\/\/prs2.profimediagroup.com\/wp-content\/uploads\/2023\/11\/otvoren_fest_lsrce6.png?_t=1699953120\" alt=\"Manifestaciju organizuje u\u017ei\u010dko Udru\u017eenje Era u saradnji sa Predstavni\u0161tvom R. Srpske u Srbiji, gradovima U\u017eicem i Vi\u0161egradom, te Turisti\u010dkom organizacijom Zlatibora\" width=\"1024\" height=\"682\" srcset=\"https:\/\/predstavnistvorsbg.rs\/wp-content\/uploads\/2023\/11\/otvoren_fest_lsrce6.png 1024w, https:\/\/predstavnistvorsbg.rs\/wp-content\/uploads\/2023\/11\/otvoren_fest_lsrce6-300x200.png 300w\" sizes=\"(max-width: 1024px) 100vw, 1024px\" \/><\/p>\n<p>Manifestaciju organizuje u\u017ei\u010dko Udru\u017eenje &#8222;Era&#8220; u saradnji sa Predstavni\u0161tvom Republike Srpske u Srbiji, gradovima U\u017eicem i Vi\u0161egradom, te Turisti\u010dkom organizacijom Zlatibora.<\/p>\n<p>Program 15 Me\u0111unarodnog de\u010dijeg festivala folklora mo\u017eete pogledati\u00a0<strong>OVDJE<\/strong><\/p>\n<p><img loading=\"lazy\" class=\"alignnone wp-image-8211 size-full\" title=\"Program festivala\" src=\"http:\/\/prs2.profimediagroup.com\/wp-content\/uploads\/2023\/11\/otvoren_fest_lsrce7.jpg?_t=1699953176\" alt=\"Program festivala\" width=\"813\" height=\"1600\" srcset=\"https:\/\/predstavnistvorsbg.rs\/wp-content\/uploads\/2023\/11\/otvoren_fest_lsrce7.jpg 813w, https:\/\/predstavnistvorsbg.rs\/wp-content\/uploads\/2023\/11\/otvoren_fest_lsrce7-152x300.jpg 152w, https:\/\/predstavnistvorsbg.rs\/wp-content\/uploads\/2023\/11\/otvoren_fest_lsrce7-520x1024.jpg 520w, https:\/\/predstavnistvorsbg.rs\/wp-content\/uploads\/2023\/11\/otvoren_fest_lsrce7-780x1536.jpg 780w\" sizes=\"(max-width: 813px) 100vw, 813px\" \/><\/p>\n","protected":false},"excerpt":{"rendered":"<p>Me\u0111unarodni dje\u010diji festival folklora &#8222;Licidersko srce&#8220; na kojem \u0107e se predstaviti i folklorni ansambli &#8222;Piskavica&#8220; iz Banjaluke, &#8222;Fo\u010da&#8220;, te &#8222;Srpski soko&#8220; i &#8222;Bikavac&#8220; iz Vi\u0161egrada sve\u010dano je otvoren ve\u010deras u U\u017eicu. Gradona\u010delnik U\u017eica Jelena Rakovi\u0107 Radivojevi\u0107 izjavila je da je lijep osje\u0107aj biti me\u0111u mladima i da je samo ime festivala koji ove godine okuplja&#8230;<\/p>\n","protected":false},"author":5,"featured_media":8194,"comment_status":"closed","ping_status":"closed","sticky":false,"template":"","format":"standard","meta":[],"categories":[56],"tags":[77],"_links":{"self":[{"href":"https:\/\/predstavnistvorsbg.rs\/sr-Latn\/wp-json\/wp\/v2\/posts\/8215"}],"collection":[{"href":"https:\/\/predstavnistvorsbg.rs\/sr-Latn\/wp-json\/wp\/v2\/posts"}],"about":[{"href":"https:\/\/predstavnistvorsbg.rs\/sr-Latn\/wp-json\/wp\/v2\/types\/post"}],"author":[{"embeddable":true,"href":"https:\/\/predstavnistvorsbg.rs\/sr-Latn\/wp-json\/wp\/v2\/users\/5"}],"replies":[{"embeddable":true,"href":"https:\/\/predstavnistvorsbg.rs\/sr-Latn\/wp-json\/wp\/v2\/comments?post=8215"}],"version-history":[{"count":0,"href":"https:\/\/predstavnistvorsbg.rs\/sr-Latn\/wp-json\/wp\/v2\/posts\/8215\/revisions"}],"wp:featuredmedia":[{"embeddable":true,"href":"https:\/\/predstavnistvorsbg.rs\/sr-Latn\/wp-json\/wp\/v2\/media\/8194"}],"wp:attachment":[{"href":"https:\/\/predstavnistvorsbg.rs\/sr-Latn\/wp-json\/wp\/v2\/media?parent=8215"}],"wp:term":[{"taxonomy":"category","embeddable":true,"href":"https:\/\/predstavnistvorsbg.rs\/sr-Latn\/wp-json\/wp\/v2\/categories?post=8215"},{"taxonomy":"post_tag","embeddable":true,"href":"https:\/\/predstavnistvorsbg.rs\/sr-Latn\/wp-json\/wp\/v2\/tags?post=8215"}],"curies":[{"name":"wp","href":"https:\/\/api.w.org\/{rel}","templated":true}]}}