{"id":8471,"date":"2023-04-17T11:50:25","date_gmt":"2023-04-17T09:50:25","guid":{"rendered":"http:\/\/prs2.profimediagroup.com\/?p=8471"},"modified":"2023-11-14T11:55:46","modified_gmt":"2023-11-14T10:55:46","slug":"izlozba-putevima-predaka","status":"publish","type":"post","link":"https:\/\/predstavnistvorsbg.rs\/sr-Latn\/najava-dogadjaja-sr-latn\/izlozba-putevima-predaka\/","title":{"rendered":"Izlo\u017eba \u201ePutevima predaka\u201c"},"content":{"rendered":"<p>Izlo\u017eba \u201ePutevima predaka\u201c bi\u0107e sve\u010dano otvorena u utorak, 18. aprila u 19 sati, u Arhivu Vojvodine (\u017darka Vasiljevi\u0107a 2A).<\/p>\n<p><img loading=\"lazy\" class=\"wp-image-8466 size-full aligncenter\" src=\"http:\/\/prs2.profimediagroup.com\/wp-content\/uploads\/2023\/11\/putevima_predaka.jpg?_t=1699958920\" alt=\"\" width=\"811\" height=\"540\" srcset=\"https:\/\/predstavnistvorsbg.rs\/wp-content\/uploads\/2023\/11\/putevima_predaka.jpg 811w, https:\/\/predstavnistvorsbg.rs\/wp-content\/uploads\/2023\/11\/putevima_predaka-300x200.jpg 300w\" sizes=\"(max-width: 811px) 100vw, 811px\" \/><\/p>\n<p>Organizuje je udru\u017eenje \u201eSrpski krajevi\u201c, uz podr\u0161ku Arhiva Vojvodine, Gradske uprave za kulturu Grada Novog Sada, Pokrajinskog sekretarijata za kulturu, javno informisanje i odnose s verskim zajednicama, Fonda za pru\u017eanje pomo\u0107i izbeglim, prognanim i raseljenim licima AP Vojvodine i Predstavni\u0161tva Republike Srpske u Srbiji.<\/p>\n<p>Slike su nastale na likovnoj koloniji \u201ePutevima predaka\u201c a tema je kulturno naslije\u0111e, istorija, tradicija i zavi\u010daj srpskog naroda, pa se u umjetni\u010dkim radovima mogu vidjeti portreti zna\u010dajnih li\u010dnosti, detalji iz na\u0161ih narodnih obi\u010daja ili istorijskih doga\u0111aja, i pejza\u017ei raznih srpskih krajeva.<\/p>\n","protected":false},"excerpt":{"rendered":"<p>Izlo\u017eba \u201ePutevima predaka\u201c bi\u0107e sve\u010dano otvorena u utorak, 18. aprila u 19 sati, u Arhivu Vojvodine (\u017darka Vasiljevi\u0107a 2A). Organizuje je udru\u017eenje \u201eSrpski krajevi\u201c, uz podr\u0161ku Arhiva Vojvodine, Gradske uprave za kulturu Grada Novog Sada, Pokrajinskog sekretarijata za kulturu, javno informisanje i odnose s verskim zajednicama, Fonda za pru\u017eanje pomo\u0107i izbeglim, prognanim i raseljenim licima&#8230;<\/p>\n","protected":false},"author":6,"featured_media":0,"comment_status":"closed","ping_status":"closed","sticky":false,"template":"","format":"standard","meta":[],"categories":[57],"tags":[77],"_links":{"self":[{"href":"https:\/\/predstavnistvorsbg.rs\/sr-Latn\/wp-json\/wp\/v2\/posts\/8471"}],"collection":[{"href":"https:\/\/predstavnistvorsbg.rs\/sr-Latn\/wp-json\/wp\/v2\/posts"}],"about":[{"href":"https:\/\/predstavnistvorsbg.rs\/sr-Latn\/wp-json\/wp\/v2\/types\/post"}],"author":[{"embeddable":true,"href":"https:\/\/predstavnistvorsbg.rs\/sr-Latn\/wp-json\/wp\/v2\/users\/6"}],"replies":[{"embeddable":true,"href":"https:\/\/predstavnistvorsbg.rs\/sr-Latn\/wp-json\/wp\/v2\/comments?post=8471"}],"version-history":[{"count":0,"href":"https:\/\/predstavnistvorsbg.rs\/sr-Latn\/wp-json\/wp\/v2\/posts\/8471\/revisions"}],"wp:attachment":[{"href":"https:\/\/predstavnistvorsbg.rs\/sr-Latn\/wp-json\/wp\/v2\/media?parent=8471"}],"wp:term":[{"taxonomy":"category","embeddable":true,"href":"https:\/\/predstavnistvorsbg.rs\/sr-Latn\/wp-json\/wp\/v2\/categories?post=8471"},{"taxonomy":"post_tag","embeddable":true,"href":"https:\/\/predstavnistvorsbg.rs\/sr-Latn\/wp-json\/wp\/v2\/tags?post=8471"}],"curies":[{"name":"wp","href":"https:\/\/api.w.org\/{rel}","templated":true}]}}