{"id":8587,"date":"2023-05-19T13:11:45","date_gmt":"2023-05-19T11:11:45","guid":{"rendered":"http:\/\/prs2.profimediagroup.com\/?p=8587"},"modified":"2023-11-14T13:17:06","modified_gmt":"2023-11-14T12:17:06","slug":"turisticki-potencijali-srpske-na-beogradskom-manifestu","status":"publish","type":"post","link":"https:\/\/predstavnistvorsbg.rs\/sr-Latn\/prethodni-dogadjaji-sr-latn\/turisticki-potencijali-srpske-na-beogradskom-manifestu\/","title":{"rendered":"Turisti\u010dki potencijali Srpske na \u201eBeogradskom manifestu\u201c"},"content":{"rendered":"<p>Na \u041aalemegdanu u Beogradu ve\u010deras je otvorena tradicionalna turisti\u010dka manifestacija \u201eBeogradski manifest\u201c na kojoj \u0107e u naredna dva dana biti predstavljeni i turisti\u010dki potencijali Republike Srpske.<\/p>\n<p><img loading=\"lazy\" class=\"alignnone wp-image-8530 size-full\" title=\"Miodrag Lon\u010darevi\u0107, direktor Turisti\u010dke organizacije R. Srpske\" src=\"http:\/\/prs2.profimediagroup.com\/wp-content\/uploads\/2023\/11\/manifest2.png?_t=1699963203\" alt=\"Miodrag Lon\u010darevi\u0107, direktor Turisti\u010dke organizacije R. Srpske\" width=\"1024\" height=\"768\" srcset=\"https:\/\/predstavnistvorsbg.rs\/wp-content\/uploads\/2023\/11\/manifest2.png 1024w, https:\/\/predstavnistvorsbg.rs\/wp-content\/uploads\/2023\/11\/manifest2-300x225.png 300w\" sizes=\"(max-width: 1024px) 100vw, 1024px\" \/><\/p>\n<p>Direktor Turisti\u010dke organizacije Republike Srpske Miodrag Lon\u010darevi\u0107 izjavio je novinarima da je Srpska destinacija na kojoj mogu u\u017eivati sve generacije i da u njoj svako mo\u017ee prona\u0107i ne\u0161to za sebe.<\/p>\n<p>On je naglasio da je pro\u0161la godina bila rekordna, a da svi parametri pokazuju da \u0107e ova biti jo\u0161 uspje\u0161nija. Lon\u010derevi\u0107 je rekao da su za Republiku Srpsku i te kako va\u017eni gosti iz Srbije, a da je predstavljanje na \u041aalemegdanu prilika da Srpsku upoznaju i brojni gosti iz svijeta koji trenutno borave u Beogradu.<\/p>\n<p>\u201eNadam se da \u0107e nam i oni do\u0107i kao turisti, imamo \u0161iroku ponudu za sve generacije. Ovdje su hoteli koji direktno mogu da daju svoju turisti\u010dku ponudu, etno-sela, turisti\u010dke organizacije Fo\u010da, Trebinje i Bijeljina. Imamo brojne festivale, avanturisti\u010dki turizam, biciklizam\u201c, rekao je Lon\u010darevi\u0107.<\/p>\n<p><img loading=\"lazy\" class=\"alignnone wp-image-8542 size-full\" title=\"Dunja \u0110eni\u0107, pomo\u0107nik ministra trgovine, turizma i telekomunikacija R. Srbije\" src=\"http:\/\/prs2.profimediagroup.com\/wp-content\/uploads\/2023\/11\/manifest3.png?_t=1699963435\" alt=\"Dunja \u0110eni\u0107, pomo\u0107nik ministra trgovine, turizma i telekomunikacija R. Srbije\" width=\"1024\" height=\"768\" srcset=\"https:\/\/predstavnistvorsbg.rs\/wp-content\/uploads\/2023\/11\/manifest3.png 1024w, https:\/\/predstavnistvorsbg.rs\/wp-content\/uploads\/2023\/11\/manifest3-300x225.png 300w\" sizes=\"(max-width: 1024px) 100vw, 1024px\" \/><\/p>\n<p>Pomo\u0107nik ministra turizma Srbije Dunja \u0110eni\u0107 izjavila je da manifestacije poput ove doprinose da Srbija bude zna\u010dajno i konkurentno tr\u017ei\u0161te i dodala da je veoma va\u017eno i da je va\u017eno napraviti jedinstvene turisti\u010dke proizvode sa zemljama regiona.<\/p>\n<p><img loading=\"lazy\" class=\"alignnone wp-image-8551 size-full\" title=\"Spomenka Popadi\u0107, direktor Turisti\u010dke organizacije Fo\u010da\" src=\"http:\/\/prs2.profimediagroup.com\/wp-content\/uploads\/2023\/11\/manifest4.png?_t=1699963521\" alt=\"Spomenka Popadi\u0107, direktor Turisti\u010dke organizacije Fo\u010da\" width=\"1024\" height=\"768\" srcset=\"https:\/\/predstavnistvorsbg.rs\/wp-content\/uploads\/2023\/11\/manifest4.png 1024w, https:\/\/predstavnistvorsbg.rs\/wp-content\/uploads\/2023\/11\/manifest4-300x225.png 300w\" sizes=\"(max-width: 1024px) 100vw, 1024px\" \/><\/p>\n<p>Direktor Turisti\u010dke organizacije Fo\u010da Spomenka Popadi\u0107 rekla je da je raduje \u0161to se Fo\u010da sa svojim impozantnim prirodnim i turisti\u010dkim potencijalom predstavlja na ovakvoj manifestaciji.<\/p>\n<p><img loading=\"lazy\" class=\"alignnone wp-image-8560 size-full\" title=\"Olja Gavranovi\u0107, menad\u017eer hotela \u201eTerme Ozren\u201c\" src=\"http:\/\/prs2.profimediagroup.com\/wp-content\/uploads\/2023\/11\/manifest5.png?_t=1699963609\" alt=\"Olja Gavranovi\u0107, menad\u017eer hotela \u201eTerme Ozren\u201c\" width=\"1024\" height=\"576\" srcset=\"https:\/\/predstavnistvorsbg.rs\/wp-content\/uploads\/2023\/11\/manifest5.png 1024w, https:\/\/predstavnistvorsbg.rs\/wp-content\/uploads\/2023\/11\/manifest5-300x169.png 300w\" sizes=\"(max-width: 1024px) 100vw, 1024px\" \/><\/p>\n<p>Menad\u017eer hotela \u201eTerme Ozren\u201c Olja Gavranovi\u0107 je rekla, da je ovo za ovaj kompleks koji nudi 11 bazena sa geotermalnom vodom i brojne prate\u0107e sadr\u017eaje sjajna prilika da se predstavi.<\/p>\n<p><img loading=\"lazy\" class=\"alignnone wp-image-8569 size-full\" title=\"Bojana Ne\u0161kovi\u0107, predstavnik gazdinstva \u201eRasadnik\u201c iz Bratunca\" src=\"http:\/\/prs2.profimediagroup.com\/wp-content\/uploads\/2023\/11\/manifest6.png?_t=1699963666\" alt=\"Bojana Ne\u0161kovi\u0107, predstavnik gazdinstva \u201eRasadnik\u201c iz Bratunca\" width=\"1024\" height=\"576\" srcset=\"https:\/\/predstavnistvorsbg.rs\/wp-content\/uploads\/2023\/11\/manifest6.png 1024w, https:\/\/predstavnistvorsbg.rs\/wp-content\/uploads\/2023\/11\/manifest6-300x169.png 300w\" sizes=\"(max-width: 1024px) 100vw, 1024px\" \/><\/p>\n<p>Predstavnik gazdinstva \u201eRasadnik\u201c iz Bratunca Bojana Ne\u0161kovi\u0107 je naglasila da je ovo prilika da oni koji planiraju da posjete Republiku Srpsku dobiju informaciju da, osim lijepe prirode i dobrih ljudi, tamo mogu da u\u017eivaju i u dobroj hrani.<\/p>\n<p><img loading=\"lazy\" class=\"alignnone wp-image-8575 size-full\" title=\"Mla\u0111en Cicovi\u0107 \u0161ef Predstavni\u0161ta R. Srpske u Srbiji i Jelena \u041ausmuk, savjetnik za privredu u Predstavni\u0161tvu sa predstavnicima kompanija iz R. Srpske\" src=\"http:\/\/prs2.profimediagroup.com\/wp-content\/uploads\/2023\/11\/manifest7.png?_t=1699963733\" alt=\"Mla\u0111en Cicovi\u0107 \u0161ef Predstavni\u0161ta R. Srpske u Srbiji i Jelena \u041ausmuk, savjetnik za privredu u Predstavni\u0161tvu sa predstavnicima kompanija iz R. Srpske\" width=\"1024\" height=\"576\" srcset=\"https:\/\/predstavnistvorsbg.rs\/wp-content\/uploads\/2023\/11\/manifest7.png 1024w, https:\/\/predstavnistvorsbg.rs\/wp-content\/uploads\/2023\/11\/manifest7-300x169.png 300w\" sizes=\"(max-width: 1024px) 100vw, 1024px\" \/><\/p>\n<p>Na turisti\u010dkoj manifestaciji \u201eBeogradski manifest\u201c, koja se odr\u017eava deveti put, predstavi\u0107e se 35 lokalnih zajednica iz Srbije i izlaga\u010di okupljeni oko Turisti\u010dke organizacije Repubike Srpske.<\/p>\n<p>Nastup Turisti\u010dke organizacije Republike Srpske podr\u017ealo je Predstavni\u0161tvo Srpske u Srbiji.<\/p>\n","protected":false},"excerpt":{"rendered":"<p>Na \u041aalemegdanu u Beogradu ve\u010deras je otvorena tradicionalna turisti\u010dka manifestacija \u201eBeogradski manifest\u201c na kojoj \u0107e u naredna dva dana biti predstavljeni i turisti\u010dki potencijali Republike Srpske. Direktor Turisti\u010dke organizacije Republike Srpske Miodrag Lon\u010darevi\u0107 izjavio je novinarima da je Srpska destinacija na kojoj mogu u\u017eivati sve generacije i da u njoj svako mo\u017ee prona\u0107i ne\u0161to za&#8230;<\/p>\n","protected":false},"author":4,"featured_media":8529,"comment_status":"closed","ping_status":"closed","sticky":false,"template":"","format":"standard","meta":[],"categories":[56],"tags":[77],"_links":{"self":[{"href":"https:\/\/predstavnistvorsbg.rs\/sr-Latn\/wp-json\/wp\/v2\/posts\/8587"}],"collection":[{"href":"https:\/\/predstavnistvorsbg.rs\/sr-Latn\/wp-json\/wp\/v2\/posts"}],"about":[{"href":"https:\/\/predstavnistvorsbg.rs\/sr-Latn\/wp-json\/wp\/v2\/types\/post"}],"author":[{"embeddable":true,"href":"https:\/\/predstavnistvorsbg.rs\/sr-Latn\/wp-json\/wp\/v2\/users\/4"}],"replies":[{"embeddable":true,"href":"https:\/\/predstavnistvorsbg.rs\/sr-Latn\/wp-json\/wp\/v2\/comments?post=8587"}],"version-history":[{"count":0,"href":"https:\/\/predstavnistvorsbg.rs\/sr-Latn\/wp-json\/wp\/v2\/posts\/8587\/revisions"}],"wp:featuredmedia":[{"embeddable":true,"href":"https:\/\/predstavnistvorsbg.rs\/sr-Latn\/wp-json\/wp\/v2\/media\/8529"}],"wp:attachment":[{"href":"https:\/\/predstavnistvorsbg.rs\/sr-Latn\/wp-json\/wp\/v2\/media?parent=8587"}],"wp:term":[{"taxonomy":"category","embeddable":true,"href":"https:\/\/predstavnistvorsbg.rs\/sr-Latn\/wp-json\/wp\/v2\/categories?post=8587"},{"taxonomy":"post_tag","embeddable":true,"href":"https:\/\/predstavnistvorsbg.rs\/sr-Latn\/wp-json\/wp\/v2\/tags?post=8587"}],"curies":[{"name":"wp","href":"https:\/\/api.w.org\/{rel}","templated":true}]}}