{"id":8860,"date":"2023-03-29T15:34:33","date_gmt":"2023-03-29T13:34:33","guid":{"rendered":"http:\/\/prs2.profimediagroup.com\/?p=8860"},"modified":"2023-11-14T15:36:37","modified_gmt":"2023-11-14T14:36:37","slug":"mali-pobednik-2023","status":"publish","type":"post","link":"https:\/\/predstavnistvorsbg.rs\/sr-Latn\/najava-dogadjaja-sr-latn\/mali-pobednik-2023\/","title":{"rendered":"\u201eMali pobednik 2023\u201c"},"content":{"rendered":"<p>Festival poezije beogradskih osnovnih \u0161kola \u201eMali pobednik\u201c odr\u017ea\u0107e se 31. marta 2023. godine u 12 sati u sve\u010danoj sali Udru\u017eenja knji\u017eevnika Srbije, Francuska 7, uz prisustvo takmi\u010dara, \u017eirija i navija\u010da. Svoja pjesni\u010dka pera ukrsti\u0107e finalisti konkursa \u201eMalog pobednika\u201c\u00a0a najbolje na festivalu bira\u0107e \u017eiri u sastavu: Slobodan Stani\u0161i\u0107, Ljubivoje R\u0161umovi\u0107 i Uro\u0161 Petrovi\u0107. Gost festivala bi\u0107e i knji\u017eevnik Miroslav \u041aoko\u0161ar. Program \u0107e voditi i djecu i publiku zabavljati Danilo Marinkovi\u0107, frontmen grupe \u201eAman Zaman\u201c i kompozitor mnogih pjesama za djecu. Festival \u201eMali pobednik\u201c organizuje udru\u017eenje \u201e\u041aultart\u201c iz Beograda uz podr\u0161ku Predstavni\u0161tva Republike Srpske u Srbiji.<\/p>\n<p><img loading=\"lazy\" class=\"wp-image-8849 size-full aligncenter\" src=\"http:\/\/prs2.profimediagroup.com\/wp-content\/uploads\/2023\/11\/mali_pobednik.jpg?_t=1699972360\" alt=\"\" width=\"698\" height=\"991\" srcset=\"https:\/\/predstavnistvorsbg.rs\/wp-content\/uploads\/2023\/11\/mali_pobednik.jpg 698w, https:\/\/predstavnistvorsbg.rs\/wp-content\/uploads\/2023\/11\/mali_pobednik-211x300.jpg 211w\" sizes=\"(max-width: 698px) 100vw, 698px\" \/><\/p>\n<p>Mladi pjesnici bori\u0107e se za nagrade u dvije kategorije \u2013 mla\u0111oj (od prvog do \u010detvrtog razreda) i starijoj (od petog do osmog). Bi\u0107e dodijeljene po jedna prva, dvije druge i tri tre\u0107e nagrade u obje kategorije, a bi\u0107e progla\u0161en i apsolutni pobjednik festivala. Sedmoro najboljih (prve i druge nagrade i apsolutni pobjednik festivala), kvalifikova\u0107e se za finale jednog od najve\u0107ih festivala poezije u regionu (sa preko 8.000 radova i preko 4.500 u\u010desnika na konkursu) \u201eDje\u010dije carstvo\u201c u Banjoj Luci.<\/p>\n<p>\u201eMali pobednik\u201c je izborno takmi\u010denje za Me\u0111unarodni festival dje\u010dije poezije \u201eDje\u010dije carstvo\u201c u Banjaluci. To je festival koji afirmi\u0161e dje\u010dije stvarala\u0161tvo, festival koji podsti\u010de kreativnost, takmi\u010darski duh, zdravu konkurenciju i timski rad (kroz rad \u0161kolskih sekcija). \u201eMali pobednik\u201c kreira prostor za dru\u017eenje, me\u0111usobnu saradnju i razmjenu iskustava i za u\u010denike i za nastavnike, njeguje mlade talente, stvara nove generacije pjesnika, ali i promovi\u0161e saradnju izme\u0111u Republike Srpske i Srbije, Banje Luke i Beograda.<\/p>\n","protected":false},"excerpt":{"rendered":"<p>Festival poezije beogradskih osnovnih \u0161kola \u201eMali pobednik\u201c odr\u017ea\u0107e se 31. marta 2023. godine u 12 sati u sve\u010danoj sali Udru\u017eenja knji\u017eevnika Srbije, Francuska 7, uz prisustvo takmi\u010dara, \u017eirija i navija\u010da. Svoja pjesni\u010dka pera ukrsti\u0107e finalisti konkursa \u201eMalog pobednika\u201c\u00a0a najbolje na festivalu bira\u0107e \u017eiri u sastavu: Slobodan Stani\u0161i\u0107, Ljubivoje R\u0161umovi\u0107 i Uro\u0161 Petrovi\u0107. Gost festivala bi\u0107e&#8230;<\/p>\n","protected":false},"author":6,"featured_media":0,"comment_status":"closed","ping_status":"closed","sticky":false,"template":"","format":"standard","meta":[],"categories":[57],"tags":[77],"_links":{"self":[{"href":"https:\/\/predstavnistvorsbg.rs\/sr-Latn\/wp-json\/wp\/v2\/posts\/8860"}],"collection":[{"href":"https:\/\/predstavnistvorsbg.rs\/sr-Latn\/wp-json\/wp\/v2\/posts"}],"about":[{"href":"https:\/\/predstavnistvorsbg.rs\/sr-Latn\/wp-json\/wp\/v2\/types\/post"}],"author":[{"embeddable":true,"href":"https:\/\/predstavnistvorsbg.rs\/sr-Latn\/wp-json\/wp\/v2\/users\/6"}],"replies":[{"embeddable":true,"href":"https:\/\/predstavnistvorsbg.rs\/sr-Latn\/wp-json\/wp\/v2\/comments?post=8860"}],"version-history":[{"count":0,"href":"https:\/\/predstavnistvorsbg.rs\/sr-Latn\/wp-json\/wp\/v2\/posts\/8860\/revisions"}],"wp:attachment":[{"href":"https:\/\/predstavnistvorsbg.rs\/sr-Latn\/wp-json\/wp\/v2\/media?parent=8860"}],"wp:term":[{"taxonomy":"category","embeddable":true,"href":"https:\/\/predstavnistvorsbg.rs\/sr-Latn\/wp-json\/wp\/v2\/categories?post=8860"},{"taxonomy":"post_tag","embeddable":true,"href":"https:\/\/predstavnistvorsbg.rs\/sr-Latn\/wp-json\/wp\/v2\/tags?post=8860"}],"curies":[{"name":"wp","href":"https:\/\/api.w.org\/{rel}","templated":true}]}}