{"id":9189,"date":"2023-06-03T11:17:35","date_gmt":"2023-06-03T09:17:35","guid":{"rendered":"http:\/\/prs2.profimediagroup.com\/?p=9189"},"modified":"2023-11-15T11:18:50","modified_gmt":"2023-11-15T10:18:50","slug":"na-romanijskoj-veceri-u-beogradu-okupio-se-veliki-broj-ljudi-porijeklom-sa-sarajevsko-romanijske-regije","status":"publish","type":"post","link":"https:\/\/predstavnistvorsbg.rs\/sr-Latn\/prethodni-dogadjaji-sr-latn\/na-romanijskoj-veceri-u-beogradu-okupio-se-veliki-broj-ljudi-porijeklom-sa-sarajevsko-romanijske-regije\/","title":{"rendered":"Na \u201eRomanijskoj ve\u010deri\u201c u Beogradu okupio se veliki broj ljudi porijeklom sa Sarajevsko-Romanijske regije"},"content":{"rendered":"<p>Sino\u0107 (02.06.2023.g.) na \u201eRomanijskoj ve\u010deri\u201c u Beogradu okupio se veliki broj ljudi porijeklom sa Pala, Sokoca, Han Pijeska i Rogatice, koji kroz dru\u017eenje njeguju tradiciju i obi\u010daje svog kraja.<\/p>\n<p><img loading=\"lazy\" class=\"alignnone wp-image-9167 size-full\" title=\"Vinko Pandurevi\u0107, predsjednik Udru\u017eenja \u201eRomanija\u201c sa sjedi\u0161tem u Beogradu\" src=\"http:\/\/prs2.profimediagroup.com\/wp-content\/uploads\/2023\/11\/romanijsko_vece2.png\" alt=\"Vinko Pandurevi\u0107, predsjednik Udru\u017eenja \u201eRomanija\u201c sa sjedi\u0161tem u Beogradu\" width=\"1024\" height=\"768\" srcset=\"https:\/\/predstavnistvorsbg.rs\/wp-content\/uploads\/2023\/11\/romanijsko_vece2.png 1024w, https:\/\/predstavnistvorsbg.rs\/wp-content\/uploads\/2023\/11\/romanijsko_vece2-300x225.png 300w\" sizes=\"(max-width: 1024px) 100vw, 1024px\" \/><\/p>\n<p>Predsjednik Udru\u017eenja \u201eRomanija\u201c sa sjedi\u0161tem u Beogradu Vinko Pandurevi\u0107 u pozdravnom obra\u0107anju okupljenima ukazao je na neophodnost povezivanje Srba sa obje strane Drine, pozivaju\u0107i na jedinstvo i srpsku slogu, na saradnju u oblasti kulture, ekonomije, privrede i sporta.<\/p>\n<p>Pandurevi\u0107 je naglasio da je ovo udru\u017eenje do sada prikupilo sredstva i doniralo medicinske aparate i opremu domovima zdravlja na Sokocu, Han Pijesku i Rogatici u vrijednosti od 28.000 evra, te organizovalo besplatne medicinske preglede u sokola\u010dkom Domu zdravlja kod vrhunskih medicinskih stru\u010dnjaka iz Beograda.<\/p>\n<p>Pandurevi\u0107, koji je general u penziji, izrazio je i podr\u0161ku institucijama u o\u010duvanju ustavnog poretka Srpske i neophodnosti po\u0161tovanja Dejtonskog sporazuma u BiH.<\/p>\n<p><img loading=\"lazy\" class=\"aligncenter wp-image-9170 size-full\" title=\"Mla\u0111en Cicovi\u0107, \u0161ef Predstavni\u0161tva R. Srpske u Srbiji\" src=\"http:\/\/prs2.profimediagroup.com\/wp-content\/uploads\/2023\/11\/romanijsko_vece3.jpg\" alt=\"Mla\u0111en Cicovi\u0107, \u0161ef Predstavni\u0161tva R. Srpske u Srbiji\" width=\"762\" height=\"725\" srcset=\"https:\/\/predstavnistvorsbg.rs\/wp-content\/uploads\/2023\/11\/romanijsko_vece3.jpg 762w, https:\/\/predstavnistvorsbg.rs\/wp-content\/uploads\/2023\/11\/romanijsko_vece3-300x285.jpg 300w\" sizes=\"(max-width: 762px) 100vw, 762px\" \/><\/p>\n<p>Prisutne je pozdravio i Mla\u0111en Cicovi\u0107, \u0161ef Predstavni\u0161tva Republike Srpske u Srbiji i istakao da danas kada je srpski narod izlo\u017een velikim pritiscima i izazovima treba da razumjemo da samo jedinstveni i sabrani mo\u017eemo odbraniti i sa\u010duvati i na\u0161u Srbiju i na\u0161u Republiku Srpsku i na\u0161 srpski narod ma gdje on \u017eivio.<\/p>\n<p><img loading=\"lazy\" class=\"alignnone wp-image-9173 size-full\" title=\"Narodna no\u0161nja Sarajevsko-romanijske regije\" src=\"http:\/\/prs2.profimediagroup.com\/wp-content\/uploads\/2023\/11\/romanijsko_vece4.png\" alt=\"Narodna no\u0161nja Sarajevsko-romanijske regije\" width=\"1024\" height=\"768\" srcset=\"https:\/\/predstavnistvorsbg.rs\/wp-content\/uploads\/2023\/11\/romanijsko_vece4.png 1024w, https:\/\/predstavnistvorsbg.rs\/wp-content\/uploads\/2023\/11\/romanijsko_vece4-300x225.png 300w\" sizes=\"(max-width: 1024px) 100vw, 1024px\" \/><\/p>\n<p>Na sve\u010danosti je prikazana narodna no\u0161nja Sarajevsko-romanijske regije koja je no\u0161ena pred po\u010detak Prvog svjetskog rata do pedesetih godina, u organizaciji ljekara Marka Radovi\u0107a porijeklom sa Sokoca, autora knjige \u201eNarodna no\u0161nja, igre i pjesme sa Glasinca\u201c.<\/p>\n<p><img loading=\"lazy\" class=\"aligncenter wp-image-9178 size-full\" title=\"Muzi\u010dki, zabavni i kulturno-umjetni\u010dki program u restoranu \u201eInter Holivud\u201c na Novom Beogradu\" src=\"http:\/\/prs2.profimediagroup.com\/wp-content\/uploads\/2023\/11\/romanijsko_vece5.jpg\" alt=\"Muzi\u010dki, zabavni i kulturno-umjetni\u010dki program u restoranu \u201eInter Holivud\u201c na Novom Beogradu\" width=\"759\" height=\"549\" srcset=\"https:\/\/predstavnistvorsbg.rs\/wp-content\/uploads\/2023\/11\/romanijsko_vece5.jpg 759w, https:\/\/predstavnistvorsbg.rs\/wp-content\/uploads\/2023\/11\/romanijsko_vece5-300x217.jpg 300w\" sizes=\"(max-width: 759px) 100vw, 759px\" \/><\/p>\n<p>Organizovan je i muzi\u010dki, zabavni i kulturno-umjetni\u010dki program u restoranu \u201eInter Holivud\u201c na Novom Beogradu.<\/p>\n<p><img loading=\"lazy\" class=\"alignnone wp-image-9182 size-full\" title=\"Na \u201eRomanijskoj ve\u010deri\u201c je bio prisutan veliki broj uglednih gostiju porijeklom sa Sarajevsko - Romanijske regije\" src=\"http:\/\/prs2.profimediagroup.com\/wp-content\/uploads\/2023\/11\/romanijsko_vece6.png\" alt=\"Na \u201eRomanijskoj ve\u010deri\u201c je bio prisutan veliki broj uglednih gostiju porijeklom sa Sarajevsko - Romanijske regije\" width=\"1024\" height=\"768\" srcset=\"https:\/\/predstavnistvorsbg.rs\/wp-content\/uploads\/2023\/11\/romanijsko_vece6.png 1024w, https:\/\/predstavnistvorsbg.rs\/wp-content\/uploads\/2023\/11\/romanijsko_vece6-300x225.png 300w\" sizes=\"(max-width: 1024px) 100vw, 1024px\" \/><\/p>\n<p>Na \u201eRomanijskoj ve\u010deri\u201c bili su prisutni<strong>\u00a0<\/strong>koordinator Udru\u017eenja \u201eRomanija\u201c za Republiku Srpsku\u00a0Milan Jolovi\u0107 Legenda, poslanik u Narodnoj skup\u0161tini Republike Srpske Strahinja Ba\u0161evi\u0107, na\u010delnik op\u0161tine Pale Bo\u0161ko Jugovi\u0107, op\u0161tine Han Pijesak Slobodan \u0110uri\u0107 i op\u0161tine Isto\u010dni Stari Grad Bojo Ga\u0161anovi\u0107, penzionisani generali Vojske Republike Srpske i Srbije, Svetozar Andri\u0107, \u010dlan gradskog ve\u0107a Grada Beograda, te predstavnici Zavi\u010dajnog udru\u017eenja \u201eBira\u010d i Podrinje\u201c i drugih udru\u017eenja i organizacija sa Sarajevsko-romanijske regije i druge zvanice iz Srpske i Srbije.<\/p>\n<p><img loading=\"lazy\" class=\"alignnone wp-image-9185 size-full\" title=\"\u017denska pjeva\u010dka grupa\" src=\"http:\/\/prs2.profimediagroup.com\/wp-content\/uploads\/2023\/11\/romanijsko_vece7.jpg\" alt=\"\u017denska pjeva\u010dka grupa\" width=\"900\" height=\"1059\" srcset=\"https:\/\/predstavnistvorsbg.rs\/wp-content\/uploads\/2023\/11\/romanijsko_vece7.jpg 900w, https:\/\/predstavnistvorsbg.rs\/wp-content\/uploads\/2023\/11\/romanijsko_vece7-255x300.jpg 255w, https:\/\/predstavnistvorsbg.rs\/wp-content\/uploads\/2023\/11\/romanijsko_vece7-870x1024.jpg 870w\" sizes=\"(max-width: 900px) 100vw, 900px\" \/><\/p>\n<p>Udru\u017eenje \u201eRomanija\u201c sa sjedi\u0161tem u Beogradu obnovilo je rad 16. maja 2021. godine, nakon pauze za vrijeme ratnih de\u0161avanja u BiH, da bi nastavili tradiciju ranijih okupljanja ljudi sa \u0161ireg podru\u010dja Romanije koji \u017eive i rade u Beogradu.<\/p>\n<p>Predstavni\u0161tvo Republike Srpske u Srbiji podr\u017eava Udru\u017eenje Romanija u ostvarivanju njihovih programskih ciljeva u oblastima: o\u010duvanja i negovanja ekonomskih, kulturnih, duhovnih, socijalnih, sportskih i drugih veza sa rodnim zavi\u010dajem, te negovanja i ja\u010danja istih u \u0161iroj dru\u0161tvenoj zajednici \u0161irom Republike Srbije, gde \u010dlanovi udru\u017eenja \u017eive, rade i \u0161koluju se.<\/p>\n","protected":false},"excerpt":{"rendered":"<p>Sino\u0107 (02.06.2023.g.) na \u201eRomanijskoj ve\u010deri\u201c u Beogradu okupio se veliki broj ljudi porijeklom sa Pala, Sokoca, Han Pijeska i Rogatice, koji kroz dru\u017eenje njeguju tradiciju i obi\u010daje svog kraja. Predsjednik Udru\u017eenja \u201eRomanija\u201c sa sjedi\u0161tem u Beogradu Vinko Pandurevi\u0107 u pozdravnom obra\u0107anju okupljenima ukazao je na neophodnost povezivanje Srba sa obje strane Drine, pozivaju\u0107i na jedinstvo&#8230;<\/p>\n","protected":false},"author":5,"featured_media":9166,"comment_status":"closed","ping_status":"closed","sticky":false,"template":"","format":"standard","meta":[],"categories":[56],"tags":[77],"_links":{"self":[{"href":"https:\/\/predstavnistvorsbg.rs\/sr-Latn\/wp-json\/wp\/v2\/posts\/9189"}],"collection":[{"href":"https:\/\/predstavnistvorsbg.rs\/sr-Latn\/wp-json\/wp\/v2\/posts"}],"about":[{"href":"https:\/\/predstavnistvorsbg.rs\/sr-Latn\/wp-json\/wp\/v2\/types\/post"}],"author":[{"embeddable":true,"href":"https:\/\/predstavnistvorsbg.rs\/sr-Latn\/wp-json\/wp\/v2\/users\/5"}],"replies":[{"embeddable":true,"href":"https:\/\/predstavnistvorsbg.rs\/sr-Latn\/wp-json\/wp\/v2\/comments?post=9189"}],"version-history":[{"count":0,"href":"https:\/\/predstavnistvorsbg.rs\/sr-Latn\/wp-json\/wp\/v2\/posts\/9189\/revisions"}],"wp:featuredmedia":[{"embeddable":true,"href":"https:\/\/predstavnistvorsbg.rs\/sr-Latn\/wp-json\/wp\/v2\/media\/9166"}],"wp:attachment":[{"href":"https:\/\/predstavnistvorsbg.rs\/sr-Latn\/wp-json\/wp\/v2\/media?parent=9189"}],"wp:term":[{"taxonomy":"category","embeddable":true,"href":"https:\/\/predstavnistvorsbg.rs\/sr-Latn\/wp-json\/wp\/v2\/categories?post=9189"},{"taxonomy":"post_tag","embeddable":true,"href":"https:\/\/predstavnistvorsbg.rs\/sr-Latn\/wp-json\/wp\/v2\/tags?post=9189"}],"curies":[{"name":"wp","href":"https:\/\/api.w.org\/{rel}","templated":true}]}}