{"id":9206,"date":"2023-03-15T11:22:33","date_gmt":"2023-03-15T10:22:33","guid":{"rendered":"http:\/\/prs2.profimediagroup.com\/?p=9206"},"modified":"2023-11-15T11:25:49","modified_gmt":"2023-11-15T10:25:49","slug":"knjige-iz-republike-srpske-u-mladenovcu","status":"publish","type":"post","link":"https:\/\/predstavnistvorsbg.rs\/sr-Latn\/najava-dogadjaja-sr-latn\/knjige-iz-republike-srpske-u-mladenovcu\/","title":{"rendered":"Knjige iz Republike Srpske u Mladenovcu"},"content":{"rendered":"<p>U \u010detvrtak, 16. marta, Mla\u0111en Cicovi\u0107, \u0161ef Predstavni\u0161tva Republike Srpske u Srbiji zajedno sa Borislavom Maksimovi\u0107em,\u00a0savjetnikom za razvoj i unapre\u0111enje saradnje u prosvjeti, kulturi, umjetnosti i sportu, posjeti\u0107e Gradsku op\u0161tinu Mladenovac u okviru akcije poklanjanja knjiga bibliotekama u Srbiji, koju Predstavni\u0161tvo svake godine sprovodi u saradnji sa op\u0161tinama i gradovima u Srbiji.<\/p>\n<p><img loading=\"lazy\" class=\"aligncenter wp-image-9193 size-full\" title=\"\u041anjige iz Republike Srpske poklon biblioteci \u201eDespot Stefan Lazarevi\u0107\u201d u Mladenovcu\" src=\"http:\/\/prs2.profimediagroup.com\/wp-content\/uploads\/2023\/11\/knjige_poklon_mladenovac.jpg?_t=1700043933\" alt=\"\u041anjige iz Republike Srpske poklon biblioteci \u201eDespot Stefan Lazarevi\u0107\u201d u Mladenovcu\" width=\"499\" height=\"374\" srcset=\"https:\/\/predstavnistvorsbg.rs\/wp-content\/uploads\/2023\/11\/knjige_poklon_mladenovac.jpg 499w, https:\/\/predstavnistvorsbg.rs\/wp-content\/uploads\/2023\/11\/knjige_poklon_mladenovac-300x225.jpg 300w\" sizes=\"(max-width: 499px) 100vw, 499px\" \/><\/p>\n<p>Protokolom posjete predvi\u0111en je u 12 sati sastanak u kabinetu Vladana Gli\u0161i\u0107a, predsjednika Gradske op\u0161tine Mladenovac, gdje \u0107e se razgovarati o saradnji Mladenovca sa gradovima i op\u0161tinama Republike Srpske i saradnji sa Predstavni\u0161tvom Republike Srpske u okviru drugih programa, akcija i manifestacija koje Predstavni\u0161tvo realizuje u gradovima i op\u0161tinama \u0161irom Srbije.<\/p>\n<p>Nakon sastanka u op\u0161tini predvi\u0111ena je posjeta i uru\u010denje poklon knjiga iz Republike Srpske biblioteci \u201eDespot Stefan Lazarevi\u0107\u201d, koja je\u00a0odjeljenje Gradske biblioteke grada Beograda u Mladenovcu.<\/p>\n","protected":false},"excerpt":{"rendered":"<p>U \u010detvrtak, 16. marta, Mla\u0111en Cicovi\u0107, \u0161ef Predstavni\u0161tva Republike Srpske u Srbiji zajedno sa Borislavom Maksimovi\u0107em,\u00a0savjetnikom za razvoj i unapre\u0111enje saradnje u prosvjeti, kulturi, umjetnosti i sportu, posjeti\u0107e Gradsku op\u0161tinu Mladenovac u okviru akcije poklanjanja knjiga bibliotekama u Srbiji, koju Predstavni\u0161tvo svake godine sprovodi u saradnji sa op\u0161tinama i gradovima u Srbiji. Protokolom posjete predvi\u0111en&#8230;<\/p>\n","protected":false},"author":6,"featured_media":0,"comment_status":"closed","ping_status":"closed","sticky":false,"template":"","format":"standard","meta":[],"categories":[57],"tags":[77],"_links":{"self":[{"href":"https:\/\/predstavnistvorsbg.rs\/sr-Latn\/wp-json\/wp\/v2\/posts\/9206"}],"collection":[{"href":"https:\/\/predstavnistvorsbg.rs\/sr-Latn\/wp-json\/wp\/v2\/posts"}],"about":[{"href":"https:\/\/predstavnistvorsbg.rs\/sr-Latn\/wp-json\/wp\/v2\/types\/post"}],"author":[{"embeddable":true,"href":"https:\/\/predstavnistvorsbg.rs\/sr-Latn\/wp-json\/wp\/v2\/users\/6"}],"replies":[{"embeddable":true,"href":"https:\/\/predstavnistvorsbg.rs\/sr-Latn\/wp-json\/wp\/v2\/comments?post=9206"}],"version-history":[{"count":0,"href":"https:\/\/predstavnistvorsbg.rs\/sr-Latn\/wp-json\/wp\/v2\/posts\/9206\/revisions"}],"wp:attachment":[{"href":"https:\/\/predstavnistvorsbg.rs\/sr-Latn\/wp-json\/wp\/v2\/media?parent=9206"}],"wp:term":[{"taxonomy":"category","embeddable":true,"href":"https:\/\/predstavnistvorsbg.rs\/sr-Latn\/wp-json\/wp\/v2\/categories?post=9206"},{"taxonomy":"post_tag","embeddable":true,"href":"https:\/\/predstavnistvorsbg.rs\/sr-Latn\/wp-json\/wp\/v2\/tags?post=9206"}],"curies":[{"name":"wp","href":"https:\/\/api.w.org\/{rel}","templated":true}]}}