{"id":9381,"date":"2023-05-15T14:31:25","date_gmt":"2023-05-15T12:31:25","guid":{"rendered":"http:\/\/prs2.profimediagroup.com\/?p=9381"},"modified":"2023-11-15T14:34:39","modified_gmt":"2023-11-15T13:34:39","slug":"republika-srpska-na-65-medjunarodnom-sajmu-tehnike-i-tehnickih-dostignuca","status":"publish","type":"post","link":"https:\/\/predstavnistvorsbg.rs\/sr-Latn\/najava-dogadjaja-sr-latn\/republika-srpska-na-65-medjunarodnom-sajmu-tehnike-i-tehnickih-dostignuca\/","title":{"rendered":"Republika Srpska na 65. Me\u0111unarodnom sajmu tehnike i tehni\u010dkih dostignu\u0107a"},"content":{"rendered":"<p>Privrednici iz Republike Srpske nastupi\u0107e na 65. Me\u0111unarodnom sajmu tehnike i tehni\u010dkih dostignu\u0107a, koji \u0107e se odr\u017eati u periodu od 16. do 19. maja, 2023. godine u Beogradu, u organizaciji Privredne komore Republike Srpske.<\/p>\n<p><img loading=\"lazy\" class=\"aligncenter wp-image-9377 size-full\" title=\"Republika Srpska na 65. Me\u0111unarodnom sajmu tehnike i tehni\u010dkih dostignu\u0107a\" src=\"http:\/\/prs2.profimediagroup.com\/wp-content\/uploads\/2023\/11\/sajam_tehnike.jpg\" alt=\"Republika Srpska na 65. Me\u0111unarodnom sajmu tehnike i tehni\u010dkih dostignu\u0107a\" width=\"1013\" height=\"340\" srcset=\"https:\/\/predstavnistvorsbg.rs\/wp-content\/uploads\/2023\/11\/sajam_tehnike.jpg 1013w, https:\/\/predstavnistvorsbg.rs\/wp-content\/uploads\/2023\/11\/sajam_tehnike-300x101.jpg 300w\" sizes=\"(max-width: 1013px) 100vw, 1013px\" \/><\/p>\n<p>Sve\u010dano otvoranje 65. Me\u0111unarodnog sajama tehnike i tehni\u010dkih dostignu\u0107a bi\u0107e 16.05.2023. godine u 11 \u010dasova. Sve\u010danom otvaranju \u0107e prisustvovati ministar za nau\u010dnotehnolo\u0161ki razvoj, visoko obrazovanje i informaciono dru\u0161tvo Republike Srpske, \u017deljko Budimir i \u0161ef Predstavni\u0161tva Republike Srpske u Srbiji, Mla\u0111en Cicovi\u0107, koji \u0107e zajedno nakon sve\u010danog otvaranja posjetiti \u0161tand Privredne komore Republike Srpske koji se nalazi u hali 1 \u2013 hala Arena.<\/p>\n<p>Na sajmu \u0107e se predstaviti tri kompanije i to: \u201eAntena net\u201c d.o.o Tesli\u0107, SZR \u201e\u0160ljivi\u0107 elektronika\u201c Brod, \u201eMediteran inox\u201c d.o.o \u010celinac i \u201eBo\u017ei\u0107 plastika\u201c d.o.o Petrovo.<\/p>\n<p>Me\u0111unarodni sajam tehnike i tehni\u010dkih dostignu\u0107a je me\u0111u najzna\u010dajnijim privrednim i tehnolo\u0161kim doga\u0111ajima u Srbiji i jugoisto\u010dnoj Evropi, te ima izuzetan uticaj na budu\u0107i razvoj industrije u zemlji i regionu. To je tradicionalno mjesto susreta i poslovnih kontakata, koje omogu\u0107ava brojnim izlaga\u010dima i posjetiocima ispunjenje poslovnih o\u010dekivanja. Koncepcijski akcenat Sajma je na inovacijama i novim tehnologijama, na \u201efabrikama budu\u0107nosti\u201c i industrijskoj automatizaciji, elektroenergetici i energetskoj infrastrukturi.<\/p>\n<p>Predstavni\u0161tvo Republike Srpske u Srbiji kao i prethodnih godina pru\u017ea podr\u0161ku Privrednoj komori Republike Srpske u organizaciji nastupa privrednika iz Republike Srpske na Samu tehnike i tehni\u010dkih dostignu\u0107a.<\/p>\n","protected":false},"excerpt":{"rendered":"<p>Privrednici iz Republike Srpske nastupi\u0107e na 65. Me\u0111unarodnom sajmu tehnike i tehni\u010dkih dostignu\u0107a, koji \u0107e se odr\u017eati u periodu od 16. do 19. maja, 2023. godine u Beogradu, u organizaciji Privredne komore Republike Srpske. Sve\u010dano otvoranje 65. Me\u0111unarodnog sajama tehnike i tehni\u010dkih dostignu\u0107a bi\u0107e 16.05.2023. godine u 11 \u010dasova. Sve\u010danom otvaranju \u0107e prisustvovati ministar za&#8230;<\/p>\n","protected":false},"author":7,"featured_media":0,"comment_status":"closed","ping_status":"closed","sticky":false,"template":"","format":"standard","meta":[],"categories":[57],"tags":[77],"_links":{"self":[{"href":"https:\/\/predstavnistvorsbg.rs\/sr-Latn\/wp-json\/wp\/v2\/posts\/9381"}],"collection":[{"href":"https:\/\/predstavnistvorsbg.rs\/sr-Latn\/wp-json\/wp\/v2\/posts"}],"about":[{"href":"https:\/\/predstavnistvorsbg.rs\/sr-Latn\/wp-json\/wp\/v2\/types\/post"}],"author":[{"embeddable":true,"href":"https:\/\/predstavnistvorsbg.rs\/sr-Latn\/wp-json\/wp\/v2\/users\/7"}],"replies":[{"embeddable":true,"href":"https:\/\/predstavnistvorsbg.rs\/sr-Latn\/wp-json\/wp\/v2\/comments?post=9381"}],"version-history":[{"count":0,"href":"https:\/\/predstavnistvorsbg.rs\/sr-Latn\/wp-json\/wp\/v2\/posts\/9381\/revisions"}],"wp:attachment":[{"href":"https:\/\/predstavnistvorsbg.rs\/sr-Latn\/wp-json\/wp\/v2\/media?parent=9381"}],"wp:term":[{"taxonomy":"category","embeddable":true,"href":"https:\/\/predstavnistvorsbg.rs\/sr-Latn\/wp-json\/wp\/v2\/categories?post=9381"},{"taxonomy":"post_tag","embeddable":true,"href":"https:\/\/predstavnistvorsbg.rs\/sr-Latn\/wp-json\/wp\/v2\/tags?post=9381"}],"curies":[{"name":"wp","href":"https:\/\/api.w.org\/{rel}","templated":true}]}}