{"id":9472,"date":"2023-02-02T11:00:46","date_gmt":"2023-02-02T10:00:46","guid":{"rendered":"http:\/\/prs2.profimediagroup.com\/?p=9472"},"modified":"2023-11-16T11:02:00","modified_gmt":"2023-11-16T10:02:00","slug":"gospodjica-gostuje-u-narodnom-pozoristu-u-beogradu","status":"publish","type":"post","link":"https:\/\/predstavnistvorsbg.rs\/sr-Latn\/najava-dogadjaja-sr-latn\/gospodjica-gostuje-u-narodnom-pozoristu-u-beogradu\/","title":{"rendered":"\u201eGospo\u0111ica\u201c gostuje u Narodnom pozori\u0161tu U Beogradu"},"content":{"rendered":"<div>\n<p>Narodno pozori\u0161te Republike Srpske gostuje predstavom \u201eGospo\u0111ica\u201c pred beogradskom publikom, na Velikoj sceni Narodnog pozori\u0161ta u Beogradu, u subotu, 4. februara 2023. godine, sa po\u010detkom u 19.30 sati. Rije\u010d je o dramskom komadu po djelu Ive Andri\u0107a, u dramatizaciji Vanje Ejdus i re\u017eiji i adaptaciji \u0110ur\u0111e Te\u0161i\u0107. U predstavi igraju: Sla\u0111ana Zrni\u0107, Nata\u0161a Ivan\u010devi\u0107, Snje\u017eana Mi\u0161i\u0107, Bojan Kolopi\u0107, Danilo Kerkez, Belinda Stijak i Pavle Pavi\u0107.<\/p>\n<\/div>\n<p><img loading=\"lazy\" class=\"aligncenter wp-image-9452 size-full\" title=\"\u201eGospo\u0111ica\u201c gostuje u Narodnom pozori\u0161tu U Beogradu\" src=\"http:\/\/prs2.profimediagroup.com\/wp-content\/uploads\/2023\/11\/gospodjic_plakat1.jpg\" alt=\"\u201eGospo\u0111ica\u201c gostuje u Narodnom pozori\u0161tu U Beogradu\" width=\"500\" height=\"700\" srcset=\"https:\/\/predstavnistvorsbg.rs\/wp-content\/uploads\/2023\/11\/gospodjic_plakat1.jpg 500w, https:\/\/predstavnistvorsbg.rs\/wp-content\/uploads\/2023\/11\/gospodjic_plakat1-214x300.jpg 214w\" sizes=\"(max-width: 500px) 100vw, 500px\" \/><\/p>\n<p>Gostovanje pozori\u0161ta se realizuje u skladu s Protokolom o saradnji, koji su u Banjoj Luci, 9. februara 2022. godine, potpisali Dijana Grbi\u0107, v. d. direktor Narodnog pozori\u0161ta Republike Srpske i Svetislav Gonci\u0107, upravnik Narodnog pozori\u0161ta u Beogradu, koji podrazumijeva razmjenu predstava s aktuelnih repertoara, zajedni\u010dku produkciju pozori\u0161nih predstava, zajedni\u010dke nastupe na festivalima, razmjenu teatrolo\u0161ke gra\u0111e i druge oblike saradnje.<\/p>\n<p><img loading=\"lazy\" class=\"aligncenter size-full wp-image-9455\" src=\"http:\/\/prs2.profimediagroup.com\/wp-content\/uploads\/2023\/11\/gospodjic_plakat2.jpg\" alt=\"\u201eGospo\u0111ica\u201c gostuje u Narodnom pozori\u0161tu U Beogradu\" width=\"800\" height=\"533\" srcset=\"https:\/\/predstavnistvorsbg.rs\/wp-content\/uploads\/2023\/11\/gospodjic_plakat2.jpg 800w, https:\/\/predstavnistvorsbg.rs\/wp-content\/uploads\/2023\/11\/gospodjic_plakat2-300x200.jpg 300w\" sizes=\"(max-width: 800px) 100vw, 800px\" \/><\/p>\n<p>&nbsp;<\/p>\n<p><strong><em>Iz rije\u010di rediteljke \u0110ur\u0111e Te\u0161i\u0107<\/em><\/strong><\/p>\n<p>&nbsp;<\/p>\n<p>\u201eGospo\u0111ica podse\u0107a na dana\u0161nje vreme, koje tla\u010di svakoga i u kome nema savesti, u kome svako grabi i snalazi se samo za sebe, u kome je novac postao bo\u017eanstvo. Razmi\u0161ljam kakav je to \u017eivot bez ljubavi, bez samilosti, empatije, \u017eivot proveden u opsesivnoj strasti za materijalnim, u strahu od bankrota i propasti koje nam dru\u0161tvo name\u0107e? Razmi\u0161ljam kako nas kapitalizam gura u provaliju bez dna, gde nam je jurenje novca postalo cilj, zapravo, novac postao cilj a ne sredstvo za \u017eivot i da je takav \u017eivot magla u kome lupa zgr\u010deno srce puno bola i u kome poput starog sata koji otkucava vreme odjekuju pitanja\u2026Kuda?\u2026 Za\u0161to?\u201c<\/p>\n<p><img loading=\"lazy\" class=\"aligncenter wp-image-9458 size-full\" title=\"\u201eGospo\u0111ica\u201c gostuje u Narodnom pozori\u0161tu U Beogradu\" src=\"http:\/\/prs2.profimediagroup.com\/wp-content\/uploads\/2023\/11\/gospodjic_plakat3.jpg\" alt=\"\u201eGospo\u0111ica\u201c gostuje u Narodnom pozori\u0161tu U Beogradu\" width=\"1020\" height=\"680\" srcset=\"https:\/\/predstavnistvorsbg.rs\/wp-content\/uploads\/2023\/11\/gospodjic_plakat3.jpg 1020w, https:\/\/predstavnistvorsbg.rs\/wp-content\/uploads\/2023\/11\/gospodjic_plakat3-300x200.jpg 300w\" sizes=\"(max-width: 1020px) 100vw, 1020px\" \/><\/p>\n<p>Predstavni\u0161tvo Republike Srpske u Srbiji, pru\u017ea podr\u0161ku Narodnom pozori\u0161tu Republike Srpske u njihovoj namjeri da sara\u0111uju sa pozori\u0161tima u Srbiji, a i Narodno pozori\u0161te Republike Srpske je dio programa manifestacije\u00a0<em>Dani Srpske u Srbiji,\u00a0<\/em>koju je Predstavni\u0161tvo realizovalo pro\u0161le godine deseti jubilarni put.<\/p>\n<p><img loading=\"lazy\" class=\"aligncenter size-full wp-image-9462\" src=\"http:\/\/prs2.profimediagroup.com\/wp-content\/uploads\/2023\/11\/gospodjic_plakat4.jpg\" alt=\"\u201eGospo\u0111ica\u201c gostuje u Narodnom pozori\u0161tu U Beogradu\" width=\"800\" height=\"533\" srcset=\"https:\/\/predstavnistvorsbg.rs\/wp-content\/uploads\/2023\/11\/gospodjic_plakat4.jpg 800w, https:\/\/predstavnistvorsbg.rs\/wp-content\/uploads\/2023\/11\/gospodjic_plakat4-300x200.jpg 300w\" sizes=\"(max-width: 800px) 100vw, 800px\" \/><\/p>\n","protected":false},"excerpt":{"rendered":"<p>Narodno pozori\u0161te Republike Srpske gostuje predstavom \u201eGospo\u0111ica\u201c pred beogradskom publikom, na Velikoj sceni Narodnog pozori\u0161ta u Beogradu, u subotu, 4. februara 2023. godine, sa po\u010detkom u 19.30 sati. Rije\u010d je o dramskom komadu po djelu Ive Andri\u0107a, u dramatizaciji Vanje Ejdus i re\u017eiji i adaptaciji \u0110ur\u0111e Te\u0161i\u0107. U predstavi igraju: Sla\u0111ana Zrni\u0107, Nata\u0161a Ivan\u010devi\u0107, Snje\u017eana&#8230;<\/p>\n","protected":false},"author":7,"featured_media":0,"comment_status":"closed","ping_status":"closed","sticky":false,"template":"","format":"standard","meta":[],"categories":[57],"tags":[77],"_links":{"self":[{"href":"https:\/\/predstavnistvorsbg.rs\/sr-Latn\/wp-json\/wp\/v2\/posts\/9472"}],"collection":[{"href":"https:\/\/predstavnistvorsbg.rs\/sr-Latn\/wp-json\/wp\/v2\/posts"}],"about":[{"href":"https:\/\/predstavnistvorsbg.rs\/sr-Latn\/wp-json\/wp\/v2\/types\/post"}],"author":[{"embeddable":true,"href":"https:\/\/predstavnistvorsbg.rs\/sr-Latn\/wp-json\/wp\/v2\/users\/7"}],"replies":[{"embeddable":true,"href":"https:\/\/predstavnistvorsbg.rs\/sr-Latn\/wp-json\/wp\/v2\/comments?post=9472"}],"version-history":[{"count":0,"href":"https:\/\/predstavnistvorsbg.rs\/sr-Latn\/wp-json\/wp\/v2\/posts\/9472\/revisions"}],"wp:attachment":[{"href":"https:\/\/predstavnistvorsbg.rs\/sr-Latn\/wp-json\/wp\/v2\/media?parent=9472"}],"wp:term":[{"taxonomy":"category","embeddable":true,"href":"https:\/\/predstavnistvorsbg.rs\/sr-Latn\/wp-json\/wp\/v2\/categories?post=9472"},{"taxonomy":"post_tag","embeddable":true,"href":"https:\/\/predstavnistvorsbg.rs\/sr-Latn\/wp-json\/wp\/v2\/tags?post=9472"}],"curies":[{"name":"wp","href":"https:\/\/api.w.org\/{rel}","templated":true}]}}